{"id":16014,"date":"2024-07-03T21:15:30","date_gmt":"2024-07-03T21:15:30","guid":{"rendered":"https:\/\/radiocresatelital.com\/?p=16014"},"modified":"2024-07-03T21:19:20","modified_gmt":"2024-07-03T21:19:20","slug":"presidente-daniel-noboa-azin-asistira-a-encuentro-presidencia-y-al-xv-gabinete-binacional-en-peru","status":"publish","type":"post","link":"https:\/\/radiocresatelital.com\/?p=16014","title":{"rendered":"Presidente Daniel Noboa Az\u00edn asistir\u00e1 a encuentro Presidencia y al XV Gabinete Binacional en Per\u00fa"},"content":{"rendered":"<p>Quito.- El Presidente de la Rep\u00fablica del Ecuador, Daniel Noboa Az\u00edn, participar\u00e1 este 4 de julio en un Encuentro Presidencial y en el XV Gabinete Binacional con Per\u00fa. Las delegaciones de ambos pa\u00edses mantendr\u00e1n reuniones de alto nivel en Lima. El objetivo es avanzar en la implementaci\u00f3n de proyectos estrat\u00e9gicos binacionales y reafirmar el compromiso de ambas naciones con la integraci\u00f3n regional y la colaboraci\u00f3n internacional.<\/p>\n<p>La jornada del presidente Noboa comenzar\u00e1 con un encuentro junto a su hom\u00f3loga peruana, Dina Boluarte. Posteriormente, ambas autoridades participar\u00e1n en la inauguraci\u00f3n y el desarrollo del Encuentro Presidencial y XV Gabinete Binacional de Ministros Per\u00fa \u2013 Ecuador, donde se espera la firma de instrumentos de cooperaci\u00f3n.<\/p>\n<p>Para cerrar su agenda, el presidente sostendr\u00e1 una reuni\u00f3n con el alcalde de Lima. Durante estos encuentros, se abordar\u00e1n temas de inter\u00e9s mutuo como comercio, democracia, seguridad y defensa, empleo juvenil, medio ambiente, infraestructura y<br \/>\nmovilidad humana. El di\u00e1logo buscar\u00e1 fomentar la cooperaci\u00f3n y el desarrollo sostenible entre Ecuador y Per\u00fa, fortaleciendo as\u00ed los lazos bilaterales en beneficio de sus pueblos.<\/p>\n<p>El presidente ecuatoriano estar\u00e1 acompa\u00f1ado por una delegaci\u00f3n de altos funcionarios y ministros, entre Gabriela Sommerfeld, ministra de Relaciones Exteriores y Movilidad Humana; Michele Sensi Contugi, ministro de Gobierno; y otros representantes del gobierno ecuatoriano.<\/p>\n","protected":false},"excerpt":{"rendered":"<p>Quito.- El Presidente de la Rep\u00fablica del Ecuador, Daniel Noboa Az\u00edn, participar\u00e1 este 4 de julio en un Encuentro Presidencial y en el XV Gabinete Binacional con Per\u00fa. Las delegaciones de ambos pa\u00edses mantendr\u00e1n reuniones de alto nivel en Lima. El objetivo es avanzar en la implementaci\u00f3n de proyectos estrat\u00e9gicos binacionales y reafirmar el compromiso [&hellip;]<\/p>\n","protected":false},"author":2,"featured_media":8367,"comment_status":"open","ping_status":"closed","sticky":false,"template":"","format":"standard","meta":{"_jetpack_memberships_contains_paid_content":false,"footnotes":""},"categories":[13],"tags":[1322],"class_list":["post-16014","post","type-post","status-publish","format-standard","has-post-thumbnail","hentry","category-noticias-nacionales","tag-presidente-daniel-noboa"],"jetpack_featured_media_url":"https:\/\/radiocresatelital.com\/wp-content\/uploads\/2023\/12\/daniel-noboa-posesion-presidencia.jpg","jetpack_sharing_enabled":true,"_links":{"self":[{"href":"https:\/\/radiocresatelital.com\/index.php?rest_route=\/wp\/v2\/posts\/16014","targetHints":{"allow":["GET"]}}],"collection":[{"href":"https:\/\/radiocresatelital.com\/index.php?rest_route=\/wp\/v2\/posts"}],"about":[{"href":"https:\/\/radiocresatelital.com\/index.php?rest_route=\/wp\/v2\/types\/post"}],"author":[{"embeddable":true,"href":"https:\/\/radiocresatelital.com\/index.php?rest_route=\/wp\/v2\/users\/2"}],"replies":[{"embeddable":true,"href":"https:\/\/radiocresatelital.com\/index.php?rest_route=%2Fwp%2Fv2%2Fcomments&post=16014"}],"version-history":[{"count":3,"href":"https:\/\/radiocresatelital.com\/index.php?rest_route=\/wp\/v2\/posts\/16014\/revisions"}],"predecessor-version":[{"id":16017,"href":"https:\/\/radiocresatelital.com\/index.php?rest_route=\/wp\/v2\/posts\/16014\/revisions\/16017"}],"wp:featuredmedia":[{"embeddable":true,"href":"https:\/\/radiocresatelital.com\/index.php?rest_route=\/wp\/v2\/media\/8367"}],"wp:attachment":[{"href":"https:\/\/radiocresatelital.com\/index.php?rest_route=%2Fwp%2Fv2%2Fmedia&parent=16014"}],"wp:term":[{"taxonomy":"category","embeddable":true,"href":"https:\/\/radiocresatelital.com\/index.php?rest_route=%2Fwp%2Fv2%2Fcategories&post=16014"},{"taxonomy":"post_tag","embeddable":true,"href":"https:\/\/radiocresatelital.com\/index.php?rest_route=%2Fwp%2Fv2%2Ftags&post=16014"}],"curies":[{"name":"wp","href":"https:\/\/api.w.org\/{rel}","templated":true}]}}