{"id":16011,"date":"2024-07-03T20:56:29","date_gmt":"2024-07-03T20:56:29","guid":{"rendered":"https:\/\/radiocresatelital.com\/?p=16011"},"modified":"2024-07-03T20:56:29","modified_gmt":"2024-07-03T20:56:29","slug":"ecuador-registra-dos-casos-de-flirt-la-nueva-variante-de-covid","status":"publish","type":"post","link":"https:\/\/radiocresatelital.com\/?p=16011","title":{"rendered":"Ecuador registra dos casos de FLiRT, la nueva variante de COVID"},"content":{"rendered":"<p>Quito.-\u00a0El Ministerio de Salud P\u00fablica (MSP) informa a la ciudadan\u00eda que, en nuestro pa\u00eds, circula la nueva variante de COVID-19, KP.2 (FLiRT). Mediante el trabajo de genotipificaci\u00f3n se identificaron dos casos en la Semana Epidemiol\u00f3gica 23.<\/p>\n<p>El primer caso se registra en un paciente masculino de 24 a\u00f1os y el segundo, se trata de una paciente femenina de 42 a\u00f1os. Ambos pertenecen a la provincia de Cotopaxi y tienen cobertura de dosis de vacuna contra la COVID-19. No registran antecedentes de patolog\u00edas y se encuentran estables en sus domicilios.<\/p>\n<p>La variante FLiRT, aunque no ha demostrado ser grave, es muy contagiosa, de ah\u00ed la importancia de que si presenta s\u00edntomas respiratorios se adopten las medidas de bioseguridad como: higiene de manos, utilizaci\u00f3n de la mascarilla y mantener el aislamiento para evitar su propagaci\u00f3n.<\/p>\n<p>Los s\u00edntomas de la variante FLiRT son similares a los de una gripe estacional con: fiebre, dolor muscular y de cabeza, escalofr\u00edos, problemas respiratorios. Sin embargo, la variaci\u00f3n es que tambi\u00e9n puede existir p\u00e9rdida de olfato o gusto, y s\u00edntomas gastronintestinales.<\/p>\n<p>El MSP mantiene activa la vigilancia epidemiol\u00f3gica comunitaria para garantizar una respuesta oportuna de contenci\u00f3n de esta nueva variante. Adem\u00e1s, informamos que el MSP contin\u00faa con la vacunaci\u00f3n contra la COVID-19 en los Centros de Salud a nivel nacional.<\/p>\n","protected":false},"excerpt":{"rendered":"<p>Quito.-\u00a0El Ministerio de Salud P\u00fablica (MSP) informa a la ciudadan\u00eda que, en nuestro pa\u00eds, circula la nueva variante de COVID-19, KP.2 (FLiRT). Mediante el trabajo de genotipificaci\u00f3n se identificaron dos casos en la Semana Epidemiol\u00f3gica 23. El primer caso se registra en un paciente masculino de 24 a\u00f1os y el segundo, se trata de una [&hellip;]<\/p>\n","protected":false},"author":2,"featured_media":16012,"comment_status":"open","ping_status":"closed","sticky":false,"template":"","format":"standard","meta":{"_jetpack_memberships_contains_paid_content":false,"footnotes":""},"categories":[13],"tags":[148],"class_list":["post-16011","post","type-post","status-publish","format-standard","has-post-thumbnail","hentry","category-noticias-nacionales","tag-ministerio-de-salud-publica"],"jetpack_featured_media_url":"https:\/\/radiocresatelital.com\/wp-content\/uploads\/2024\/07\/GettyImages-1212213054-640x360-1.webp","jetpack_sharing_enabled":true,"_links":{"self":[{"href":"https:\/\/radiocresatelital.com\/index.php?rest_route=\/wp\/v2\/posts\/16011","targetHints":{"allow":["GET"]}}],"collection":[{"href":"https:\/\/radiocresatelital.com\/index.php?rest_route=\/wp\/v2\/posts"}],"about":[{"href":"https:\/\/radiocresatelital.com\/index.php?rest_route=\/wp\/v2\/types\/post"}],"author":[{"embeddable":true,"href":"https:\/\/radiocresatelital.com\/index.php?rest_route=\/wp\/v2\/users\/2"}],"replies":[{"embeddable":true,"href":"https:\/\/radiocresatelital.com\/index.php?rest_route=%2Fwp%2Fv2%2Fcomments&post=16011"}],"version-history":[{"count":1,"href":"https:\/\/radiocresatelital.com\/index.php?rest_route=\/wp\/v2\/posts\/16011\/revisions"}],"predecessor-version":[{"id":16013,"href":"https:\/\/radiocresatelital.com\/index.php?rest_route=\/wp\/v2\/posts\/16011\/revisions\/16013"}],"wp:featuredmedia":[{"embeddable":true,"href":"https:\/\/radiocresatelital.com\/index.php?rest_route=\/wp\/v2\/media\/16012"}],"wp:attachment":[{"href":"https:\/\/radiocresatelital.com\/index.php?rest_route=%2Fwp%2Fv2%2Fmedia&parent=16011"}],"wp:term":[{"taxonomy":"category","embeddable":true,"href":"https:\/\/radiocresatelital.com\/index.php?rest_route=%2Fwp%2Fv2%2Fcategories&post=16011"},{"taxonomy":"post_tag","embeddable":true,"href":"https:\/\/radiocresatelital.com\/index.php?rest_route=%2Fwp%2Fv2%2Ftags&post=16011"}],"curies":[{"name":"wp","href":"https:\/\/api.w.org\/{rel}","templated":true}]}}