{"id":15999,"date":"2024-07-03T16:48:10","date_gmt":"2024-07-03T16:48:10","guid":{"rendered":"https:\/\/radiocresatelital.com\/?p=15999"},"modified":"2024-07-03T16:48:10","modified_gmt":"2024-07-03T16:48:10","slug":"roberto-luque-tiene-una-buena-actitud-para-enfrentar-los-problemas-electricos-pero-esa-no-es-su-experticia-fausto-ortiz","status":"publish","type":"post","link":"https:\/\/radiocresatelital.com\/?p=15999","title":{"rendered":"Roberto Luque tiene una buena actitud para enfrentar los problemas el\u00e9ctricos pero esa no es su experticia, Fausto Ort\u00edz"},"content":{"rendered":"<p>Guayaquil.- El ex ministro de Finanzas, Eco. Fausto Ort\u00edz, en di\u00e1logo con CRE Noticias Primera Emisi\u00f3n, abord\u00f3 varios temas, entre ellos, la crisis energ\u00e9tica, respecto a la cual dijo que en el Ministerio de Energ\u00eda y Minas, debe haber alguien experto en el tema, ya que el actual Secretario de Estado, Roberto Luque, tiene una formaci\u00f3n m\u00e1s orientada a Obras P\u00fablicas, pese a que tiene una buena actitud para enfrentar los problemas. No debe ser tan dif\u00edcil encontrar a alguien que tenga experiencia y preparaci\u00f3n en cada \u00e1rea.<\/p>\n<p>En lo referente al Seguro Social, dijo que la Seguridad Social tiene problemas en el mundo entero, respecto a Ecuador, remarc\u00f3 que la poblaci\u00f3n actualmente crece lentamente, lo que perjudica al IESS, ya que cada vez hay menos gente en etapa productiva, lo que quiere decir que si antes hab\u00eda 10 empleados activos por cada jubilado, ahora hay 6 por jubilado, lo que dificulta el financimiento para los jubilados si esa tendencia sigue igual.<\/p>\n<p>Hoy en d\u00eda, si alguien se va a jubilar a los 65 a\u00f1os, a los 60 empieza a aportar m\u00e1s para que su pensi\u00f3n salga mayor porque la jubilaci\u00f3n se calcula de acuerdo a lo aportado en los \u00faltimos 5 a\u00f1os, lo cual no es real. Ort\u00edz, al respecto, sugiere promediar las pensiones seg\u00fan los \u00faltimos 10 a\u00f1os, luego los \u00faltimos 15 y as\u00ed sucesivamente.<\/p>\n<p>\u00abHay que ponerle un alto para que el IESS deje de ser la \u00abcaja chica del gobierno\u00bb y el 40% de los aportes del Gobierno al IESS debe dejar de ser en bonos y convertirse en solo recursos frescos, porque sino complica a\u00fan la situaci\u00f3n econ\u00f3mica del Seguro\u00bb.<\/p>\n<p>En lo referente al empleo pleno, dijo que existe el mismo 33% del a\u00f1o anterior, es decir, no ha ca\u00eddo pero no ha aumentado la cantidad de personas con empleo pleno.<\/p>\n<p>Finalmente, el ex ministro de Finanzas, dijo que con el aumento del precio de la gasolina Eco y Extra y el subsidio a los transportistas, en el balance si quedar\u00e1 dinero pero lo que no es seguro es que ese dinero pueda servir para invertir o pagar otras deudas, cuando se necesita recuperar el sector petrolero.<\/p>\n<p><a href=\"https:\/\/streamyard.com\/483bjtsfaexfkfsk\">https:\/\/streamyard.com\/483bjtsfaexfkfsk<\/a><\/p>\n<p>&nbsp;<\/p>\n<p>&nbsp;<\/p>\n<p>&nbsp;<\/p>\n","protected":false},"excerpt":{"rendered":"<p>Guayaquil.- El ex ministro de Finanzas, Eco. Fausto Ort\u00edz, en di\u00e1logo con CRE Noticias Primera Emisi\u00f3n, abord\u00f3 varios temas, entre ellos, la crisis energ\u00e9tica, respecto a la cual dijo que en el Ministerio de Energ\u00eda y Minas, debe haber alguien experto en el tema, ya que el actual Secretario de Estado, Roberto Luque, tiene una [&hellip;]<\/p>\n","protected":false},"author":3,"featured_media":9319,"comment_status":"open","ping_status":"closed","sticky":false,"template":"","format":"standard","meta":{"_jetpack_memberships_contains_paid_content":false,"footnotes":""},"categories":[13],"tags":[],"class_list":["post-15999","post","type-post","status-publish","format-standard","has-post-thumbnail","hentry","category-noticias-nacionales"],"jetpack_featured_media_url":"https:\/\/radiocresatelital.com\/wp-content\/uploads\/2024\/01\/fausto-ortiz.jpeg","jetpack_sharing_enabled":true,"_links":{"self":[{"href":"https:\/\/radiocresatelital.com\/index.php?rest_route=\/wp\/v2\/posts\/15999","targetHints":{"allow":["GET"]}}],"collection":[{"href":"https:\/\/radiocresatelital.com\/index.php?rest_route=\/wp\/v2\/posts"}],"about":[{"href":"https:\/\/radiocresatelital.com\/index.php?rest_route=\/wp\/v2\/types\/post"}],"author":[{"embeddable":true,"href":"https:\/\/radiocresatelital.com\/index.php?rest_route=\/wp\/v2\/users\/3"}],"replies":[{"embeddable":true,"href":"https:\/\/radiocresatelital.com\/index.php?rest_route=%2Fwp%2Fv2%2Fcomments&post=15999"}],"version-history":[{"count":1,"href":"https:\/\/radiocresatelital.com\/index.php?rest_route=\/wp\/v2\/posts\/15999\/revisions"}],"predecessor-version":[{"id":16000,"href":"https:\/\/radiocresatelital.com\/index.php?rest_route=\/wp\/v2\/posts\/15999\/revisions\/16000"}],"wp:featuredmedia":[{"embeddable":true,"href":"https:\/\/radiocresatelital.com\/index.php?rest_route=\/wp\/v2\/media\/9319"}],"wp:attachment":[{"href":"https:\/\/radiocresatelital.com\/index.php?rest_route=%2Fwp%2Fv2%2Fmedia&parent=15999"}],"wp:term":[{"taxonomy":"category","embeddable":true,"href":"https:\/\/radiocresatelital.com\/index.php?rest_route=%2Fwp%2Fv2%2Fcategories&post=15999"},{"taxonomy":"post_tag","embeddable":true,"href":"https:\/\/radiocresatelital.com\/index.php?rest_route=%2Fwp%2Fv2%2Ftags&post=15999"}],"curies":[{"name":"wp","href":"https:\/\/api.w.org\/{rel}","templated":true}]}}