{"id":15996,"date":"2024-07-03T15:16:54","date_gmt":"2024-07-03T15:16:54","guid":{"rendered":"https:\/\/radiocresatelital.com\/?p=15996"},"modified":"2024-07-03T15:16:54","modified_gmt":"2024-07-03T15:16:54","slug":"la-movilizacion-para-el-4-de-julio-esta-preparada-en-23-provincias-dijo-presidente-de-la-une","status":"publish","type":"post","link":"https:\/\/radiocresatelital.com\/?p=15996","title":{"rendered":"La Movilizaci\u00f3n para el 4 de Julio esta preparada en 23 provincias, dijo Presidente de la UNE"},"content":{"rendered":"<p>Quito.- La movilizaci\u00f3n que se realizar\u00e1 por el aumento del precio de la gasolina Eco y Extra, est\u00e1 preparada en 23 provincias, especialmente en sus respectivas capitales, la cual ser\u00e1a en horas de la tarde, porque participar\u00e1n miles de familias que han perdido sus trabajos.<\/p>\n<p>La Fenocim, el FUT, el\u00a0 Frente Popular, la FEUE, el Seguro Social Campesino, todos buscaremos llegar a las gobernaciones, en Quito la convocatoria es a las 16h00 en la Caja del IESS y en las otras ciudades tambi\u00e9n existe una planificaci\u00f3 para fortalecer los procesos de lucha en contra de \u00e9stos paquetazos del FMI con el Gobierno.<\/p>\n<p>En contraste con la organizaci\u00f3n de las marchas, el estado de excepci\u00f3n vigente, no permite la libre asociaci\u00f3n.<\/p>\n","protected":false},"excerpt":{"rendered":"<p>Quito.- La movilizaci\u00f3n que se realizar\u00e1 por el aumento del precio de la gasolina Eco y Extra, est\u00e1 preparada en 23 provincias, especialmente en sus respectivas capitales, la cual ser\u00e1a en horas de la tarde, porque participar\u00e1n miles de familias que han perdido sus trabajos. La Fenocim, el FUT, el\u00a0 Frente Popular, la FEUE, el [&hellip;]<\/p>\n","protected":false},"author":3,"featured_media":15997,"comment_status":"open","ping_status":"closed","sticky":false,"template":"","format":"standard","meta":{"_jetpack_memberships_contains_paid_content":false,"footnotes":""},"categories":[13],"tags":[2600],"class_list":["post-15996","post","type-post","status-publish","format-standard","has-post-thumbnail","hentry","category-noticias-nacionales","tag-movilizacion"],"jetpack_featured_media_url":"https:\/\/radiocresatelital.com\/wp-content\/uploads\/2024\/07\/andres-quishpe.jpg","jetpack_sharing_enabled":true,"_links":{"self":[{"href":"https:\/\/radiocresatelital.com\/index.php?rest_route=\/wp\/v2\/posts\/15996","targetHints":{"allow":["GET"]}}],"collection":[{"href":"https:\/\/radiocresatelital.com\/index.php?rest_route=\/wp\/v2\/posts"}],"about":[{"href":"https:\/\/radiocresatelital.com\/index.php?rest_route=\/wp\/v2\/types\/post"}],"author":[{"embeddable":true,"href":"https:\/\/radiocresatelital.com\/index.php?rest_route=\/wp\/v2\/users\/3"}],"replies":[{"embeddable":true,"href":"https:\/\/radiocresatelital.com\/index.php?rest_route=%2Fwp%2Fv2%2Fcomments&post=15996"}],"version-history":[{"count":1,"href":"https:\/\/radiocresatelital.com\/index.php?rest_route=\/wp\/v2\/posts\/15996\/revisions"}],"predecessor-version":[{"id":15998,"href":"https:\/\/radiocresatelital.com\/index.php?rest_route=\/wp\/v2\/posts\/15996\/revisions\/15998"}],"wp:featuredmedia":[{"embeddable":true,"href":"https:\/\/radiocresatelital.com\/index.php?rest_route=\/wp\/v2\/media\/15997"}],"wp:attachment":[{"href":"https:\/\/radiocresatelital.com\/index.php?rest_route=%2Fwp%2Fv2%2Fmedia&parent=15996"}],"wp:term":[{"taxonomy":"category","embeddable":true,"href":"https:\/\/radiocresatelital.com\/index.php?rest_route=%2Fwp%2Fv2%2Fcategories&post=15996"},{"taxonomy":"post_tag","embeddable":true,"href":"https:\/\/radiocresatelital.com\/index.php?rest_route=%2Fwp%2Fv2%2Ftags&post=15996"}],"curies":[{"name":"wp","href":"https:\/\/api.w.org\/{rel}","templated":true}]}}