{"id":15991,"date":"2024-07-02T21:51:19","date_gmt":"2024-07-02T21:51:19","guid":{"rendered":"https:\/\/radiocresatelital.com\/?p=15991"},"modified":"2024-07-02T21:51:19","modified_gmt":"2024-07-02T21:51:19","slug":"turquia-logra-ultimo-cupo-para-cuartos-en-euro-2024","status":"publish","type":"post","link":"https:\/\/radiocresatelital.com\/?p=15991","title":{"rendered":"Turqu\u00eda logra \u00faltimo cupo para cuartos en Euro 2024"},"content":{"rendered":"<p>Berl\u00edn.- Turqu\u00eda logr\u00f3 derrotar a la escuadra de Austria por 2 goles a 1 en gran cotejo para asegurar su puesto y \u00faltimo cupo para los cuartos de final de la Eurocopa 2024.<\/p>\n<p>Merih Demiral, zaguero del saudita Al-Ahli, abri\u00f3 el marcador antes del minuto de juego al capitalizar una serie de rebotes en el \u00e1rea rival y repiti\u00f3 a los 59&#8242; al conectar un cabezazo a quemarropa en el coraz\u00f3n del \u00e1rea tras ganarle a todos en el salto en un tiro de esquina y para dejar sin opciones a Patrick Pentz, aquero del dan\u00e9s Brondby.<\/p>\n<p id=\"ob\">Dos goles y dos asistencias en el torneo para el defensor turco que fue la figura de un partido en el que Austria sufri\u00f3 el segundo rev\u00e9s en el Red Bull Arena de Leipzig cuando pugnaba por el empate y que con \u00edmpetu logr\u00f3 al menos el descuento a los 66&#8242; por intermedio de Michael Gregoritsch, volante del Friburgo que hab\u00eda ingresado en el inicio del segundo per\u00edodo.<\/p>\n<p>Mert Gunok, arquero del Besiktas que en el \u00faltimo minuto adicionado por el \u00e1rbitro portugu\u00e9s Artur Soares Dias tuvo una atajada providencial, tambi\u00e9n fue art\u00edfice de la clasificaci\u00f3n de Turqu\u00eda (que organizar\u00e1 la Eurocopa en 2032 junto con Italia), que peg\u00f3 hoy en los momentos justos y defendi\u00f3 con u\u00f1as y dientes la victoria.<\/p>\n<p>Turqu\u00eda sue\u00f1a con igualar al menos su mejor actuaci\u00f3n en el torneo, en el que comparti\u00f3 el tercer puesto con Rusia en la edici\u00f3n que albergaron justamente Austria y Suiza en 2008.<\/p>\n<p>En un partido que termin\u00f3 jug\u00e1ndose con lluvia, el combinado comandado por el italiano Vincenzo Montella accedi\u00f3 hoy por tercera vez en la historia a los cuartos de final (como lo hizo en aquella Eurocopa de 2008 y lo hab\u00eda hecho en la que se jug\u00f3 en 2000 en B\u00e9lgica y Pa\u00edses Bajos, de la que se despidi\u00f3 al caer por 2-0 frente a Portugal).<\/p>\n<p>Turqu\u00eda habi\u00e1 avanzado a octavos como segunda en el Grupo F, por detr\u00e1s del combinado luso encabezado por Cristiano Ronaldo, que tambi\u00e9n avanz\u00f3 con dos triunfos y una derrota, pero cerr\u00f3 con mejor diferencia de goles, y por delante de la sorprendente Georgia, eliminada en su primera participaci\u00f3n en el torneo en octavos de final por la favorita Espa\u00f1a (que la gole\u00f3 por 4-1).<\/p>\n<p>Austria, entrenada por el alem\u00e1n Rafl Rangnick, sorprendi\u00f3 al conquistar el Grupo D con dos victorias y una derrota tambi\u00e9n, por delante de la subcampeona mundial Francia y de Pa\u00edses Bajos, e igual\u00f3 hoy su mejor actuaci\u00f3n en el torneo.<\/p>\n<p>Fue en la pasada edici\u00f3n, que se disput\u00f3 en 2021 y en la que tambi\u00e9n se despidi\u00f3 en octavos de final al caer por 2-1 en tiempo suplementario frente a Italia, a la postre campeona, tras haber quedado eliminada en la fase de grupos en las que se jug\u00f3 en 2008 y en 2016 (en Francia, que consagr\u00f3 a Portugal).<\/p>\n<p>Hoy, Austria cay\u00f3 de pie ante un rival que peg\u00f3 en los momentos justos y luego defendi\u00f3 bien la ventaja, apelando a lastimarla de contragolpe, vengando de paso la paliza que sufri\u00f3 frente a ese mismo rival en el amistoso que disputaron en marzo y que perdi\u00f3 por 6-1.<\/p>\n<p>El triunfo de Turqu\u00eda le baj\u00f3 el tel\u00f3n hoy a los octavos de final que se pusieron en marcha el s\u00e1bado con el triunfo de Suiza por 2-0 que elimin\u00f3 del torneo a la campeona Italia, y el de la anfitriona Alemania por id\u00e9ntico marcador frente a Dinamarca.<\/p>\n<p>El domingo, Inglaterra logr\u00f3 un ag\u00f3nico triunfo en tiempo suplementario frente a Eslovaquia y Espa\u00f1a gole\u00f3 a Georgia, en tanto que el lunes Francia super\u00f3 por la m\u00ednima a B\u00e9lgica y Portugal super\u00f3 por penales (3-0) a Eslovenia, con la que igual\u00f3 sin goles en tiempo reglamentario y en la pr\u00f3rroga. Espa\u00f1a y Alemania pondr\u00e1n en marcha los cuartos de final el viernes Stuttgart y Portugal y Francia chocar\u00e1n en Hamburgo. El s\u00e1bado, Ingleterra enfrentar\u00e1 a Suiza y Pa\u00edses Bajos a una Turqu\u00eda que hoy atrap\u00f3 el \u00faltimo pasaje y se ilusiona.<\/p>\n<p>Las semifinales se jugar\u00e1n el martes y el mi\u00e9rcoles de la pr\u00f3xima semana en Munich y en Dortmund, respectivamente, en tanto que la final se disputar\u00e1 el 14 de julio en Berl\u00edn.<\/p>\n","protected":false},"excerpt":{"rendered":"<p>Berl\u00edn.- Turqu\u00eda logr\u00f3 derrotar a la escuadra de Austria por 2 goles a 1 en gran cotejo para asegurar su puesto y \u00faltimo cupo para los cuartos de final de la Eurocopa 2024. Merih Demiral, zaguero del saudita Al-Ahli, abri\u00f3 el marcador antes del minuto de juego al capitalizar una serie de rebotes en el [&hellip;]<\/p>\n","protected":false},"author":2,"featured_media":15992,"comment_status":"open","ping_status":"closed","sticky":false,"template":"","format":"standard","meta":{"_jetpack_memberships_contains_paid_content":false,"footnotes":""},"categories":[1049],"tags":[18],"class_list":["post-15991","post","type-post","status-publish","format-standard","has-post-thumbnail","hentry","category-eurocopa-2024","tag-eurocopa-2024"],"jetpack_featured_media_url":"https:\/\/radiocresatelital.com\/wp-content\/uploads\/2024\/07\/6165130b3318a.jpg","jetpack_sharing_enabled":true,"_links":{"self":[{"href":"https:\/\/radiocresatelital.com\/index.php?rest_route=\/wp\/v2\/posts\/15991","targetHints":{"allow":["GET"]}}],"collection":[{"href":"https:\/\/radiocresatelital.com\/index.php?rest_route=\/wp\/v2\/posts"}],"about":[{"href":"https:\/\/radiocresatelital.com\/index.php?rest_route=\/wp\/v2\/types\/post"}],"author":[{"embeddable":true,"href":"https:\/\/radiocresatelital.com\/index.php?rest_route=\/wp\/v2\/users\/2"}],"replies":[{"embeddable":true,"href":"https:\/\/radiocresatelital.com\/index.php?rest_route=%2Fwp%2Fv2%2Fcomments&post=15991"}],"version-history":[{"count":1,"href":"https:\/\/radiocresatelital.com\/index.php?rest_route=\/wp\/v2\/posts\/15991\/revisions"}],"predecessor-version":[{"id":15993,"href":"https:\/\/radiocresatelital.com\/index.php?rest_route=\/wp\/v2\/posts\/15991\/revisions\/15993"}],"wp:featuredmedia":[{"embeddable":true,"href":"https:\/\/radiocresatelital.com\/index.php?rest_route=\/wp\/v2\/media\/15992"}],"wp:attachment":[{"href":"https:\/\/radiocresatelital.com\/index.php?rest_route=%2Fwp%2Fv2%2Fmedia&parent=15991"}],"wp:term":[{"taxonomy":"category","embeddable":true,"href":"https:\/\/radiocresatelital.com\/index.php?rest_route=%2Fwp%2Fv2%2Fcategories&post=15991"},{"taxonomy":"post_tag","embeddable":true,"href":"https:\/\/radiocresatelital.com\/index.php?rest_route=%2Fwp%2Fv2%2Ftags&post=15991"}],"curies":[{"name":"wp","href":"https:\/\/api.w.org\/{rel}","templated":true}]}}