{"id":15985,"date":"2024-07-02T19:30:09","date_gmt":"2024-07-02T19:30:09","guid":{"rendered":"https:\/\/radiocresatelital.com\/?p=15985"},"modified":"2024-07-02T21:34:03","modified_gmt":"2024-07-02T21:34:03","slug":"tia-abre-sus-puertas-a-emprendedores-del-proyecto-guayalma-de-la-prefectura-del-guayas","status":"publish","type":"post","link":"https:\/\/radiocresatelital.com\/?p=15985","title":{"rendered":"T\u00eda abre sus puertas a emprendedores del proyecto \u2018Guayalma\u2019, de la Prefectura del Guayas"},"content":{"rendered":"<p>Quito.- Almacenes T\u00eda, la cadena l\u00edder de supermercados en Ecuador, anunci\u00f3 su colaboraci\u00f3n con el proyecto Guayalma \u201cSi es Guayas es nuestro\u201d, una iniciativa del programa Guayas Emprende, que es liderado por la Prefectura del Guayas. Este proyecto busca impulsar y promover a emprendedores locales, ofreci\u00e9ndoles una plataforma para comercializar y exponer sus novedosos productos en las perchas de la compa\u00f1\u00eda.<\/p>\n<p>La Prefecta del Guayas, Marcela Agui\u00f1aga, visit\u00f3 las instalaciones de T\u00eda para fortalecer este esfuerzo colaborativo. Durante su visita, se entreg\u00f3 un cat\u00e1logo completo que incluye una variedad de productos locales, desde comestibles y bebidas hasta productos de higiene. Todos estos productos son elaborados por emprendedores locales.<\/p>\n<p>\u00abEn T\u00eda estamos comprometidos con el desarrollo de nuestra comunidad y el apoyo a la econom\u00eda local. Es un honor para nosotros ser parte de una iniciativa que no solo promueve productos de calidad hechos en Guayas, sino que tambi\u00e9n ayuda a fortalecer el esp\u00edritu emprendedor en la regi\u00f3n,\u00bb afirm\u00f3 Francisco V\u00e1squez, Gerente de Compras de T\u00eda.<\/p>\n<p>En esta edici\u00f3n del proyecto Guayalma, 12 nuevos productos de emprendedores locales llegaron las perchas de Almacenes T\u00eda, para expansi\u00f3n y visibilidad en el mercado. La empresa se enorgullece de apoyar el crecimiento compartido y el desarrollo econ\u00f3mico local al integrar a estos emprendedores en su cadena de valor.<\/p>\n<p>\u201cT\u00eda escuch\u00f3 el pedido de la Prefectura para dar espacio a los sue\u00f1os que tienen muchos de nuestros emprendedores que es el llegar a percha\u201d agreg\u00f3 Marcela Agui\u00f1aga, Prefecta del Guayas.<\/p>\n<p>Cada uno de los emprendedores sintieron emoci\u00f3n cuando recibieron la noticia que formar\u00edan parte del portafolio de productos de Almacenes T\u00eda. Es as\u00ed que Mercedes Ruiz, de Canae, expres\u00f3 su profunda alegr\u00eda al ingresar al mercado formal con sus productos derivados de cacao. Mar\u00eda Jos\u00e9 Hansen-Vik ofreci\u00f3 muestras de sus cervezas artesanales a todos los visitantes. Allan Petter, de Coco Dreams, manifest\u00f3 que es un un sue\u00f1o cumplido estar en los estantes de una gran empresa.<\/p>\n<p>Este proyecto es un testimonio del compromiso continuo de T\u00eda con el apoyo a la innovaci\u00f3n local y el emprendimiento, contribuyendo a un ecosistema comercial m\u00e1s inclusivo y diversificado.<\/p>\n","protected":false},"excerpt":{"rendered":"<p>Quito.- Almacenes T\u00eda, la cadena l\u00edder de supermercados en Ecuador, anunci\u00f3 su colaboraci\u00f3n con el proyecto Guayalma \u201cSi es Guayas es nuestro\u201d, una iniciativa del programa Guayas Emprende, que es liderado por la Prefectura del Guayas. Este proyecto busca impulsar y promover a emprendedores locales, ofreci\u00e9ndoles una plataforma para comercializar y exponer sus novedosos productos [&hellip;]<\/p>\n","protected":false},"author":2,"featured_media":15986,"comment_status":"open","ping_status":"closed","sticky":false,"template":"","format":"standard","meta":{"_jetpack_memberships_contains_paid_content":false,"footnotes":""},"categories":[13],"tags":[1392,415],"class_list":["post-15985","post","type-post","status-publish","format-standard","has-post-thumbnail","hentry","category-noticias-nacionales","tag-almacenes-tia","tag-prefectura-ciudadana-del-guayas"],"jetpack_featured_media_url":"https:\/\/radiocresatelital.com\/wp-content\/uploads\/2024\/07\/FOTO-1-1-scaled.jpg","jetpack_sharing_enabled":true,"_links":{"self":[{"href":"https:\/\/radiocresatelital.com\/index.php?rest_route=\/wp\/v2\/posts\/15985","targetHints":{"allow":["GET"]}}],"collection":[{"href":"https:\/\/radiocresatelital.com\/index.php?rest_route=\/wp\/v2\/posts"}],"about":[{"href":"https:\/\/radiocresatelital.com\/index.php?rest_route=\/wp\/v2\/types\/post"}],"author":[{"embeddable":true,"href":"https:\/\/radiocresatelital.com\/index.php?rest_route=\/wp\/v2\/users\/2"}],"replies":[{"embeddable":true,"href":"https:\/\/radiocresatelital.com\/index.php?rest_route=%2Fwp%2Fv2%2Fcomments&post=15985"}],"version-history":[{"count":1,"href":"https:\/\/radiocresatelital.com\/index.php?rest_route=\/wp\/v2\/posts\/15985\/revisions"}],"predecessor-version":[{"id":15987,"href":"https:\/\/radiocresatelital.com\/index.php?rest_route=\/wp\/v2\/posts\/15985\/revisions\/15987"}],"wp:featuredmedia":[{"embeddable":true,"href":"https:\/\/radiocresatelital.com\/index.php?rest_route=\/wp\/v2\/media\/15986"}],"wp:attachment":[{"href":"https:\/\/radiocresatelital.com\/index.php?rest_route=%2Fwp%2Fv2%2Fmedia&parent=15985"}],"wp:term":[{"taxonomy":"category","embeddable":true,"href":"https:\/\/radiocresatelital.com\/index.php?rest_route=%2Fwp%2Fv2%2Fcategories&post=15985"},{"taxonomy":"post_tag","embeddable":true,"href":"https:\/\/radiocresatelital.com\/index.php?rest_route=%2Fwp%2Fv2%2Ftags&post=15985"}],"curies":[{"name":"wp","href":"https:\/\/api.w.org\/{rel}","templated":true}]}}