{"id":15979,"date":"2024-07-02T21:23:27","date_gmt":"2024-07-02T21:23:27","guid":{"rendered":"https:\/\/radiocresatelital.com\/?p=15979"},"modified":"2024-07-02T21:23:27","modified_gmt":"2024-07-02T21:23:27","slug":"boxeadores-van-a-prepararse-a-francia-antes-de-los-juegos","status":"publish","type":"post","link":"https:\/\/radiocresatelital.com\/?p=15979","title":{"rendered":"Boxeadores van a prepararse a Francia antes de los Juegos"},"content":{"rendered":"<p>Guayaquil.- El boxeador albiceleste, Jos\u00e9 Rodr\u00edguez, viajar\u00e1 este jueves 4 de julio, a las 18h30 locales (23h30 GMT), v\u00eda KLM, rumbo a la ciudad de Nancy, Francia, donde realizar\u00e1 una base de entrenamiento previo a su participaci\u00f3n en los Juegos Ol\u00edmpicos de Paris 2024.<\/p>\n<p>El p\u00fagil guayaquile\u00f1o, vicecampe\u00f3n de los Juegos Panamericano Santiago 2023, estar\u00e1 acompa\u00f1ado, en la selecci\u00f3n clasificada a Paris 2024 que va a tierras francesas, por Mar\u00eda Jos\u00e9 Palacios y Gerlon Congo, quienes ganaron sus cupos y aspiran hacer un buen papel en la cita Ol\u00edmpica.<\/p>\n<p>Seg\u00fan, el Ing. Julio Ram\u00edrez, interventor de la Federaci\u00f3n Ecuatoriana de Box, los Tricolores entrenar\u00e1n con los mejores exponentes del deporte de los pu\u00f1os que tambi\u00e9n esperan la hora de viajar y competir en Paris.<\/p>\n","protected":false},"excerpt":{"rendered":"<p>Guayaquil.- El boxeador albiceleste, Jos\u00e9 Rodr\u00edguez, viajar\u00e1 este jueves 4 de julio, a las 18h30 locales (23h30 GMT), v\u00eda KLM, rumbo a la ciudad de Nancy, Francia, donde realizar\u00e1 una base de entrenamiento previo a su participaci\u00f3n en los Juegos Ol\u00edmpicos de Paris 2024. El p\u00fagil guayaquile\u00f1o, vicecampe\u00f3n de los Juegos Panamericano Santiago 2023, estar\u00e1 [&hellip;]<\/p>\n","protected":false},"author":2,"featured_media":15980,"comment_status":"open","ping_status":"closed","sticky":false,"template":"","format":"standard","meta":{"_jetpack_memberships_contains_paid_content":false,"footnotes":""},"categories":[61,9],"tags":[2597,2598],"class_list":["post-15979","post","type-post","status-publish","format-standard","has-post-thumbnail","hentry","category-boxeo","category-deportes","tag-boxeo","tag-juegos-olimpicos-de-paris-2024"],"jetpack_featured_media_url":"https:\/\/radiocresatelital.com\/wp-content\/uploads\/2024\/07\/WhatsApp-Image-2024-07-02-at-13.41.41.jpeg","jetpack_sharing_enabled":true,"_links":{"self":[{"href":"https:\/\/radiocresatelital.com\/index.php?rest_route=\/wp\/v2\/posts\/15979","targetHints":{"allow":["GET"]}}],"collection":[{"href":"https:\/\/radiocresatelital.com\/index.php?rest_route=\/wp\/v2\/posts"}],"about":[{"href":"https:\/\/radiocresatelital.com\/index.php?rest_route=\/wp\/v2\/types\/post"}],"author":[{"embeddable":true,"href":"https:\/\/radiocresatelital.com\/index.php?rest_route=\/wp\/v2\/users\/2"}],"replies":[{"embeddable":true,"href":"https:\/\/radiocresatelital.com\/index.php?rest_route=%2Fwp%2Fv2%2Fcomments&post=15979"}],"version-history":[{"count":1,"href":"https:\/\/radiocresatelital.com\/index.php?rest_route=\/wp\/v2\/posts\/15979\/revisions"}],"predecessor-version":[{"id":15981,"href":"https:\/\/radiocresatelital.com\/index.php?rest_route=\/wp\/v2\/posts\/15979\/revisions\/15981"}],"wp:featuredmedia":[{"embeddable":true,"href":"https:\/\/radiocresatelital.com\/index.php?rest_route=\/wp\/v2\/media\/15980"}],"wp:attachment":[{"href":"https:\/\/radiocresatelital.com\/index.php?rest_route=%2Fwp%2Fv2%2Fmedia&parent=15979"}],"wp:term":[{"taxonomy":"category","embeddable":true,"href":"https:\/\/radiocresatelital.com\/index.php?rest_route=%2Fwp%2Fv2%2Fcategories&post=15979"},{"taxonomy":"post_tag","embeddable":true,"href":"https:\/\/radiocresatelital.com\/index.php?rest_route=%2Fwp%2Fv2%2Ftags&post=15979"}],"curies":[{"name":"wp","href":"https:\/\/api.w.org\/{rel}","templated":true}]}}