{"id":15973,"date":"2024-07-02T21:11:53","date_gmt":"2024-07-02T21:11:53","guid":{"rendered":"https:\/\/radiocresatelital.com\/?p=15973"},"modified":"2024-07-02T21:11:53","modified_gmt":"2024-07-02T21:11:53","slug":"ecuador-rumbo-al-mundial-de-futbol-de-amputadas-barranquilla-2024","status":"publish","type":"post","link":"https:\/\/radiocresatelital.com\/?p=15973","title":{"rendered":"Ecuador rumbo al Mundial de F\u00fatbol de Amputadas Barranquilla 2024"},"content":{"rendered":"<p>Quito .- El Mnisterio del Deporte anunci\u00f3 la participaci\u00f3n de la selecci\u00f3n ecuatoriana de f\u00fatbol de amputadas en el Mundial que se celebrar\u00e1 en Barranquilla, Colombia, del 2 al 11 de noviembre. Este evento, organizado por la World Amputee Football Federation y con el apoyo de la<br \/>\nFederaci\u00f3n Colombiana de F\u00fatbol de Amputados, contar\u00e1 con la participaci\u00f3n de 12 pa\u00edses.<\/p>\n<p>La Fundaci\u00f3n Cienpi\u00e9s fue reconocida como la entidad oficial encargada de la disciplina de f\u00fatbol de amputados en Ecuador, una organizaci\u00f3n pionera en la formaci\u00f3n profesional de personas con amputaciones. El asesor ministerial, Jos\u00e9 David Jim\u00e9nez, otorg\u00f3 la calificaci\u00f3n al proyecto deportivo que acceder\u00e1 a los beneficios fiscales del Incentivo Tributario, que promueve esta Cartera de Estado. Esto facilita la inversi\u00f3n de la empresa privada en la preparaci\u00f3n y participaci\u00f3n internacional de estas deportistas.<\/p>\n<p>\u201cUstedes son un ejemplo de resiliencia y dedicaci\u00f3n. Con ese compromiso, demostrar\u00e1n lo mejor en Barranquilla. Demuestran que el deporte es una herramienta de uni\u00f3n. Felicitamos a la Fundaci\u00f3n Cienpi\u00e9s por su lucha y estamos seguros de que tendr\u00e1n una gran participaci\u00f3n en el mundial\u201d, expres\u00f3<br \/>\nJim\u00e9nez.<\/p>\n<p>La presidenta de la Fundaci\u00f3n Cienpi\u00e9s, Diana Armijos, destac\u00f3: \u201cNos estamos preparando para dos grandes eventos internacionales (Sudamericano de Uruguay en septiembre y Mundial de Colombia en noviembre). Ahora, somos el ente rector, legalmente constituidos y avanzamos como fundaci\u00f3n. Una<br \/>\ndiscapacidad no nos quita los sue\u00f1os, nos permite levantarnos, salir adelante y ser un ejemplo. Continuaremos peleando por nuestros derechos y por la inclusi\u00f3n\u201d.<\/p>\n<p>Por su parte, Sara Lucio, presidenta de la Comisi\u00f3n de F\u00fatbol de Amputados, agreg\u00f3: \u201cEstamos orgullosos de tener espacios inclusivos. El apoyo, tanto del sector p\u00fablico como privado, nos permite seguir teniendo oportunidades para participar internacionalmente\u201d.<\/p>\n<p>La delegaci\u00f3n tricolor entrena todos los s\u00e1bados en la Mitad del Mundo, al norte de Quito, aunque algunas jugadoras viajan desde distintos puntos del pa\u00eds. Casi todas han sufrido amputaciones por accidentes de tr\u00e1nsito, y una de ellas debido a una bala perdida.<\/p>\n<p>El Gobierno Nacional, liderado por el presidente Daniel Noboa, junto con el Ministerio del Deporte, reafirma su compromiso con la inclusi\u00f3n y el desarrollo del deporte para personas con discapacidad. Ecuador avanza con firmeza hacia un futuro inclusivo y de oportunidades para todos<\/p>\n","protected":false},"excerpt":{"rendered":"<p>Quito .- El Mnisterio del Deporte anunci\u00f3 la participaci\u00f3n de la selecci\u00f3n ecuatoriana de f\u00fatbol de amputadas en el Mundial que se celebrar\u00e1 en Barranquilla, Colombia, del 2 al 11 de noviembre. Este evento, organizado por la World Amputee Football Federation y con el apoyo de la Federaci\u00f3n Colombiana de F\u00fatbol de Amputados, contar\u00e1 con [&hellip;]<\/p>\n","protected":false},"author":2,"featured_media":15974,"comment_status":"open","ping_status":"closed","sticky":false,"template":"","format":"standard","meta":{"_jetpack_memberships_contains_paid_content":false,"footnotes":""},"categories":[9],"tags":[2596],"class_list":["post-15973","post","type-post","status-publish","format-standard","has-post-thumbnail","hentry","category-deportes","tag-mnisterio-del-deporte"],"jetpack_featured_media_url":"https:\/\/radiocresatelital.com\/wp-content\/uploads\/2024\/07\/53829960552_690ec9896b_c.jpg","jetpack_sharing_enabled":true,"_links":{"self":[{"href":"https:\/\/radiocresatelital.com\/index.php?rest_route=\/wp\/v2\/posts\/15973","targetHints":{"allow":["GET"]}}],"collection":[{"href":"https:\/\/radiocresatelital.com\/index.php?rest_route=\/wp\/v2\/posts"}],"about":[{"href":"https:\/\/radiocresatelital.com\/index.php?rest_route=\/wp\/v2\/types\/post"}],"author":[{"embeddable":true,"href":"https:\/\/radiocresatelital.com\/index.php?rest_route=\/wp\/v2\/users\/2"}],"replies":[{"embeddable":true,"href":"https:\/\/radiocresatelital.com\/index.php?rest_route=%2Fwp%2Fv2%2Fcomments&post=15973"}],"version-history":[{"count":1,"href":"https:\/\/radiocresatelital.com\/index.php?rest_route=\/wp\/v2\/posts\/15973\/revisions"}],"predecessor-version":[{"id":15975,"href":"https:\/\/radiocresatelital.com\/index.php?rest_route=\/wp\/v2\/posts\/15973\/revisions\/15975"}],"wp:featuredmedia":[{"embeddable":true,"href":"https:\/\/radiocresatelital.com\/index.php?rest_route=\/wp\/v2\/media\/15974"}],"wp:attachment":[{"href":"https:\/\/radiocresatelital.com\/index.php?rest_route=%2Fwp%2Fv2%2Fmedia&parent=15973"}],"wp:term":[{"taxonomy":"category","embeddable":true,"href":"https:\/\/radiocresatelital.com\/index.php?rest_route=%2Fwp%2Fv2%2Fcategories&post=15973"},{"taxonomy":"post_tag","embeddable":true,"href":"https:\/\/radiocresatelital.com\/index.php?rest_route=%2Fwp%2Fv2%2Ftags&post=15973"}],"curies":[{"name":"wp","href":"https:\/\/api.w.org\/{rel}","templated":true}]}}