{"id":15962,"date":"2024-07-02T20:48:06","date_gmt":"2024-07-02T20:48:06","guid":{"rendered":"https:\/\/radiocresatelital.com\/?p=15962"},"modified":"2024-07-02T20:48:06","modified_gmt":"2024-07-02T20:48:06","slug":"gobernador-del-guayas-cumplio-productiva-agenda-de-actividades-en-canton-el-empalme","status":"publish","type":"post","link":"https:\/\/radiocresatelital.com\/?p=15962","title":{"rendered":"\u00a1Gobernador del Guayas cumpli\u00f3 productiva agenda de actividades en Cant\u00f3n El Empalme"},"content":{"rendered":"<p>Guayaquil.- Como parte del fortalecimiento del trabajo en territorio, el gobernador del Guayas, Vicente Auad, encabez\u00f3 un operativo \u00abCAMEX\u00bb en el cant\u00f3n El Empalme junto a un contingente de 60 elementos de la Polic\u00eda Nacional, Fuerzas Armadas y Comisi\u00f3n de Tr\u00e1nsito del Ecuador, se llevaron a cabo acciones preventivas para salvaguardar la integridad de los ciudadanos.<\/p>\n<p>Durante el operativo, se inspeccionaron autom\u00f3viles, motocicletas y buses en busca de armas o explosivos. Adem\u00e1s, se solicit\u00f3 la documentaci\u00f3n de identificaci\u00f3n a los conductores. Esta medida refleja el compromiso del gobierno de El Nuevo Ecuador con la seguridad y el bienestar de la comunidad.<\/p>\n<p>Posteriormente, el gobernador se reuni\u00f3 con el alcalde de El Empalme, Rodolfo Cantos, para abordar temas cruciales relacionados con el desarrollo local. Se presentaron proyectos destinados a mejorar la calidad de vida en este cant\u00f3n, incluyendo educaci\u00f3n, seguridad y servicios b\u00e1sicos.<\/p>\n<p>En otra iniciativa, se llev\u00f3 a cabo una brigada social por un \u00abNuevo Ecuador\u00bb, donde diversos ministerios presentaron programas y servicios en beneficio de la comunidad. El Ministerio de Salud brind\u00f3 atenci\u00f3n m\u00e9dica y entreg\u00f3 medicamentos, mientras que BanEcuador present\u00f3 opciones de cr\u00e9dito para apoyar el emprendimiento, y a la vez entreg\u00f3 a varias mujeres el certificado \u00abS\u00faper Mujer Rural\u00bb, que recibieron cr\u00e9ditos para contribuir al mejoramiento de la econom\u00eda. El Registro Civil por su parte emiti\u00f3 documentos de identidad a los ciudadanos que se acercaban a requerirlo. As\u00ed tambi\u00e9n se hizo la entrega de ayudas t\u00e9cnicas como sillas de ruedas a ciudadanos de escasos recursos, y que les permitir\u00e1 mejora su condici\u00f3n de movilidad.<\/p>\n<p>\u00abAqu\u00ed estamos como gobierno, en territorio pendientes de sus necesidades. Estamos para seguir avanzando con la gente\u00bb expres\u00f3 Vicente Auad. Luego la autoridad provincial visit\u00f3 la Escuela Fiscal 2 de Mayo, que actualmente est\u00e1 siendo repotenciada. En total, cinco escuelas en El Empalme ser\u00e1n sometidas a mejoras como un firme compromiso del gobierno del Nuevo Ecuador con la educaci\u00f3n p\u00fablica.<\/p>\n<p>El representante El Ejecutivo tambi\u00e9n inspeccion\u00f3 el hospital b\u00e1sico local, asegur\u00e1ndose de que cuente con los recursos necesarios para brindar servicios m\u00e9dicos de calidad. Se constat\u00f3 el abastecimiento de medicina en un 98%. Se anunci\u00f3 grandes noticias para los ciudadanos como la reapertura inmediata de<br \/>\nlos servicios de nutrici\u00f3n, ecograf\u00eda y Rayos X.<\/p>\n<p>Estas acciones son parte del compromiso del gobernador Vicente Auad y responden a la disposici\u00f3n expresa del presidente Daniel Noboa Az\u00edn de velar por el bienestar y desarrollo de toda la comunidad en la provincia del Guayas.<\/p>\n","protected":false},"excerpt":{"rendered":"<p>Guayaquil.- Como parte del fortalecimiento del trabajo en territorio, el gobernador del Guayas, Vicente Auad, encabez\u00f3 un operativo \u00abCAMEX\u00bb en el cant\u00f3n El Empalme junto a un contingente de 60 elementos de la Polic\u00eda Nacional, Fuerzas Armadas y Comisi\u00f3n de Tr\u00e1nsito del Ecuador, se llevaron a cabo acciones preventivas para salvaguardar la integridad de los [&hellip;]<\/p>\n","protected":false},"author":2,"featured_media":15963,"comment_status":"open","ping_status":"closed","sticky":false,"template":"","format":"standard","meta":{"_jetpack_memberships_contains_paid_content":false,"footnotes":""},"categories":[13],"tags":[1370,2212],"class_list":["post-15962","post","type-post","status-publish","format-standard","has-post-thumbnail","hentry","category-noticias-nacionales","tag-gobernador-del-guayas","tag-vicente-auad"],"jetpack_featured_media_url":"https:\/\/radiocresatelital.com\/wp-content\/uploads\/2024\/07\/WhatsApp-Image-2024-07-02-at-15.10.35.jpeg","jetpack_sharing_enabled":true,"_links":{"self":[{"href":"https:\/\/radiocresatelital.com\/index.php?rest_route=\/wp\/v2\/posts\/15962","targetHints":{"allow":["GET"]}}],"collection":[{"href":"https:\/\/radiocresatelital.com\/index.php?rest_route=\/wp\/v2\/posts"}],"about":[{"href":"https:\/\/radiocresatelital.com\/index.php?rest_route=\/wp\/v2\/types\/post"}],"author":[{"embeddable":true,"href":"https:\/\/radiocresatelital.com\/index.php?rest_route=\/wp\/v2\/users\/2"}],"replies":[{"embeddable":true,"href":"https:\/\/radiocresatelital.com\/index.php?rest_route=%2Fwp%2Fv2%2Fcomments&post=15962"}],"version-history":[{"count":1,"href":"https:\/\/radiocresatelital.com\/index.php?rest_route=\/wp\/v2\/posts\/15962\/revisions"}],"predecessor-version":[{"id":15964,"href":"https:\/\/radiocresatelital.com\/index.php?rest_route=\/wp\/v2\/posts\/15962\/revisions\/15964"}],"wp:featuredmedia":[{"embeddable":true,"href":"https:\/\/radiocresatelital.com\/index.php?rest_route=\/wp\/v2\/media\/15963"}],"wp:attachment":[{"href":"https:\/\/radiocresatelital.com\/index.php?rest_route=%2Fwp%2Fv2%2Fmedia&parent=15962"}],"wp:term":[{"taxonomy":"category","embeddable":true,"href":"https:\/\/radiocresatelital.com\/index.php?rest_route=%2Fwp%2Fv2%2Fcategories&post=15962"},{"taxonomy":"post_tag","embeddable":true,"href":"https:\/\/radiocresatelital.com\/index.php?rest_route=%2Fwp%2Fv2%2Ftags&post=15962"}],"curies":[{"name":"wp","href":"https:\/\/api.w.org\/{rel}","templated":true}]}}