{"id":15914,"date":"2024-07-01T18:30:38","date_gmt":"2024-07-01T18:30:38","guid":{"rendered":"https:\/\/radiocresatelital.com\/?p=15914"},"modified":"2024-07-01T21:36:32","modified_gmt":"2024-07-01T21:36:32","slug":"delegacion-ecuatoriana-represento-a-latinoamerica-en-amsterdam-durante-encuentro-empresarial-sobre-sostenibilidad","status":"publish","type":"post","link":"https:\/\/radiocresatelital.com\/?p=15914","title":{"rendered":"Delegaci\u00f3n ecuatoriana represent\u00f3 a Latinoam\u00e9rica en \u00c1msterdam durante encuentro empresarial sobre sostenibilidad"},"content":{"rendered":"<p>Quito.- Cerca de 20 empresarios de Ecuador, provenientes de los sectores de flores, banano, turismo, finanzas, entre otros representaron al pa\u00eds en el evento \u201cB for Good Leaders Summit 2024\u201d, un espacio internacional que reuni\u00f3 en \u00c1msterdam, Pa\u00edses Bajos, a m\u00e1s de 1.500 l\u00edderes empresariales comprometidos con la promoci\u00f3n de una econom\u00eda m\u00e1s justa y regenerativa. La Delegaci\u00f3n Ecuatoriana de Triple Impacto se destac\u00f3 entre los m\u00e1s de 50 pa\u00edses presentes, siendo la novena delegaci\u00f3n con m\u00e1s asistentes y la m\u00e1s grande de Latinoam\u00e9rica.<\/p>\n<p>De los l\u00edderes ecuatorianos, cinco participaron como panelistas en diversas sesiones del encuentro, contribuyendo con su experiencia y perspectivas en la agenda del Summit: Roc\u00edo Velarde, de Citibank Ecuador con su exposici\u00f3n sobre \u201cEmpresas B &amp; finanzas sostenibles\u201d; Eduardo Letort, de Hoja Verde con \u201cConoce a los CEO\u201d; Diego Ochoa, de ATUK con \u201cEmpresas B y m\u00e1s all\u00e1\u201d; Rebecca Braak, de Rebatravel y Renato Solines, de Hotel Carlota, quienes compartieron la charla \u201cUtilizando el turismo como una fuerza para el bien\u201d; y Jos\u00e9 Ignacio Morej\u00f3n, de Sistema B Ecuador, quien particip\u00f3 en la plenaria general al inicio del evento, donde comparti\u00f3 su visi\u00f3n de un mundo m\u00e1s justo, equitativo y regenerativo.<\/p>\n<p>La Delegaci\u00f3n llev\u00f3 a cabo m\u00e1s de 100 reuniones individuales con l\u00edderes globales, compartiendo recursos, ideas y estrategias. Se espera que estas interacciones culminen en alianzas que generen valor e interdependencia, que busquen alcanzar objetivos que generar\u00e1n impactos positivos en la sociedad y el medio ambiente. En esa l\u00ednea, la Oficina Comercial de Ecuador en Pa\u00edses Bajos, Pro Ecuador, fortaleci\u00f3 sus v\u00ednculos con una destacada empresa holandesa de energ\u00eda solar, proveedora de la Empresa B ecuatoriana J3M Global. Adem\u00e1s, se establecieron contactos con inversores para abordar la crisis energ\u00e9tica en Ecuador.<\/p>\n<p>Adicionalmente, el Embajador de Ecuador en Pa\u00edses Bajos, Andr\u00e9s Ter\u00e1n, se reuni\u00f3 con los fundadores de B for Good Leaders, Marcello Palazzi y Leen Zevenbergen, reafirmando el compromiso de Ecuador de fomentar alianzas comerciales internacionales con impacto social y ambiental. \u201cFue un gran placer y motivo de orgullo el haber acompa\u00f1ado a la delegaci\u00f3n ecuatoriana que particip\u00f3 del B For Good Leaders Summit en \u00c1msterdam. Estas empresas son ejemplos claros y tangibles de los esfuerzos y pr\u00e1cticas de sostenibilidad que la industria ecuatoriana est\u00e1 realizando.\u00bb, precis\u00f3 el Embajador Ter\u00e1n.<\/p>\n<p>Por su lado, Morej\u00f3n de Sistema B Ecuador dijo: \u201cCreemos en fomentar conexiones entre l\u00edderes con ideas afines que comparten un prop\u00f3sito com\u00fan de hacer de este mundo un lugar mejor, ayudar a aliviar la pobreza y regenerar nuestra econom\u00eda\u201d.<\/p>\n<p>El Beurs Van Berlage, sede del evento, estuvo decorado con 1.000 rosas de la Empresa B ecuatoriana Hoja Verde, ejemplificando pr\u00e1cticas \u00e9ticas y sostenibles avaladas por sus certificaciones B Corp y Comercio Justo. En tanto, el Ministerio de Turismo de Ecuador tambi\u00e9n aport\u00f3 con sombreros de paja toquilla para los l\u00edderes de la Delegaci\u00f3n.<\/p>\n","protected":false},"excerpt":{"rendered":"<p>Quito.- Cerca de 20 empresarios de Ecuador, provenientes de los sectores de flores, banano, turismo, finanzas, entre otros representaron al pa\u00eds en el evento \u201cB for Good Leaders Summit 2024\u201d, un espacio internacional que reuni\u00f3 en \u00c1msterdam, Pa\u00edses Bajos, a m\u00e1s de 1.500 l\u00edderes empresariales comprometidos con la promoci\u00f3n de una econom\u00eda m\u00e1s justa y [&hellip;]<\/p>\n","protected":false},"author":2,"featured_media":15915,"comment_status":"open","ping_status":"closed","sticky":false,"template":"","format":"standard","meta":{"_jetpack_memberships_contains_paid_content":false,"footnotes":""},"categories":[13],"tags":[2586],"class_list":["post-15914","post","type-post","status-publish","format-standard","has-post-thumbnail","hentry","category-noticias-nacionales","tag-b-for-good-leaders-summit-2024"],"jetpack_featured_media_url":"https:\/\/radiocresatelital.com\/wp-content\/uploads\/2024\/07\/WhatsApp-Image-2024-07-01-at-16.27.49.jpeg","jetpack_sharing_enabled":true,"_links":{"self":[{"href":"https:\/\/radiocresatelital.com\/index.php?rest_route=\/wp\/v2\/posts\/15914","targetHints":{"allow":["GET"]}}],"collection":[{"href":"https:\/\/radiocresatelital.com\/index.php?rest_route=\/wp\/v2\/posts"}],"about":[{"href":"https:\/\/radiocresatelital.com\/index.php?rest_route=\/wp\/v2\/types\/post"}],"author":[{"embeddable":true,"href":"https:\/\/radiocresatelital.com\/index.php?rest_route=\/wp\/v2\/users\/2"}],"replies":[{"embeddable":true,"href":"https:\/\/radiocresatelital.com\/index.php?rest_route=%2Fwp%2Fv2%2Fcomments&post=15914"}],"version-history":[{"count":1,"href":"https:\/\/radiocresatelital.com\/index.php?rest_route=\/wp\/v2\/posts\/15914\/revisions"}],"predecessor-version":[{"id":15916,"href":"https:\/\/radiocresatelital.com\/index.php?rest_route=\/wp\/v2\/posts\/15914\/revisions\/15916"}],"wp:featuredmedia":[{"embeddable":true,"href":"https:\/\/radiocresatelital.com\/index.php?rest_route=\/wp\/v2\/media\/15915"}],"wp:attachment":[{"href":"https:\/\/radiocresatelital.com\/index.php?rest_route=%2Fwp%2Fv2%2Fmedia&parent=15914"}],"wp:term":[{"taxonomy":"category","embeddable":true,"href":"https:\/\/radiocresatelital.com\/index.php?rest_route=%2Fwp%2Fv2%2Fcategories&post=15914"},{"taxonomy":"post_tag","embeddable":true,"href":"https:\/\/radiocresatelital.com\/index.php?rest_route=%2Fwp%2Fv2%2Ftags&post=15914"}],"curies":[{"name":"wp","href":"https:\/\/api.w.org\/{rel}","templated":true}]}}