{"id":15908,"date":"2024-07-01T21:20:57","date_gmt":"2024-07-01T21:20:57","guid":{"rendered":"https:\/\/radiocresatelital.com\/?p=15908"},"modified":"2024-07-01T21:21:08","modified_gmt":"2024-07-01T21:21:08","slug":"mies-activa-a-escala-nacional-segunda-fase-de-la-campana-de-socializacion-y-registro-de-cuentas-de-su-programa-pago-en-cuenta","status":"publish","type":"post","link":"https:\/\/radiocresatelital.com\/?p=15908","title":{"rendered":"MIES activa, a escala nacional, segunda fase de la campa\u00f1a de socializaci\u00f3n y registro de cuentas de su programa Pago en Cuenta"},"content":{"rendered":"<p>Quito.- La ministra de Inclusi\u00f3n Econ\u00f3mica y Social, Zaida Rovira, lidera la segunda fase de la campa\u00f1a de socializaci\u00f3n del programa Pago en Cuenta, que inicia hoy a escala nacional y que se activar\u00e1 durante todo el mes de julio, con el objetivo de que los usuarios de bonos y pensiones abran una cuenta b\u00e1sica o de ahorros en la instituci\u00f3n financiera de su preferencia, y as\u00ed puedan recibir esta ayuda econ\u00f3mica, de forma \u00e1gil y segura.<\/p>\n<p>En la primera fase de esta campa\u00f1a, que se efectu\u00f3 durante junio, se lograron cerca de 90 mil nuevas incorporaciones, capacitando a 10.611 personas de los equipos t\u00e9cnicos de servicios MIES. Adem\u00e1s, se llevaron a cabo 276 visitas y recorridos a unidades de servicio y atenci\u00f3n a la poblaci\u00f3n m\u00e1s vulnerable, teniendo tambi\u00e9n 385 entrevistas en todo el pa\u00eds.<\/p>\n<p>Para esta nueva etapa esta cartera de Estado coordina para registrar en los diferentes canales que el MIES pone a disposici\u00f3n de la comunidad. Estos son: balcones de servicio o registro en la p\u00e1gina www.inclusion.gob.ec en la opci\u00f3n Pago en Cuenta.<\/p>\n<p>Tambi\u00e9n se ha planificado la activaci\u00f3n de autoridades a trav\u00e9s de una agenda de entrevistas previstas en varias radios, medios impresos, medios digitales y cadenas televisivas locales y nacionales de todo el pa\u00eds. Finalmente es importante mencionar que para solventar cualquier inquietud que la ciudadan\u00eda tenga sobre este y dem\u00e1s temas que maneje el MIES, pueden llamar gratis al 1800 002 002.<\/p>\n","protected":false},"excerpt":{"rendered":"<p>Quito.- La ministra de Inclusi\u00f3n Econ\u00f3mica y Social, Zaida Rovira, lidera la segunda fase de la campa\u00f1a de socializaci\u00f3n del programa Pago en Cuenta, que inicia hoy a escala nacional y que se activar\u00e1 durante todo el mes de julio, con el objetivo de que los usuarios de bonos y pensiones abran una cuenta b\u00e1sica [&hellip;]<\/p>\n","protected":false},"author":2,"featured_media":15909,"comment_status":"open","ping_status":"closed","sticky":false,"template":"","format":"standard","meta":{"_jetpack_memberships_contains_paid_content":false,"footnotes":""},"categories":[13],"tags":[1949,1598],"class_list":["post-15908","post","type-post","status-publish","format-standard","has-post-thumbnail","hentry","category-noticias-nacionales","tag-ministra-de-inclusion-economica-y-social","tag-zaida-rovira"],"jetpack_featured_media_url":"https:\/\/radiocresatelital.com\/wp-content\/uploads\/2024\/07\/WhatsApp-Image-2024-07-01-at-10.37.46-AM-scaled.jpeg","jetpack_sharing_enabled":true,"_links":{"self":[{"href":"https:\/\/radiocresatelital.com\/index.php?rest_route=\/wp\/v2\/posts\/15908","targetHints":{"allow":["GET"]}}],"collection":[{"href":"https:\/\/radiocresatelital.com\/index.php?rest_route=\/wp\/v2\/posts"}],"about":[{"href":"https:\/\/radiocresatelital.com\/index.php?rest_route=\/wp\/v2\/types\/post"}],"author":[{"embeddable":true,"href":"https:\/\/radiocresatelital.com\/index.php?rest_route=\/wp\/v2\/users\/2"}],"replies":[{"embeddable":true,"href":"https:\/\/radiocresatelital.com\/index.php?rest_route=%2Fwp%2Fv2%2Fcomments&post=15908"}],"version-history":[{"count":1,"href":"https:\/\/radiocresatelital.com\/index.php?rest_route=\/wp\/v2\/posts\/15908\/revisions"}],"predecessor-version":[{"id":15910,"href":"https:\/\/radiocresatelital.com\/index.php?rest_route=\/wp\/v2\/posts\/15908\/revisions\/15910"}],"wp:featuredmedia":[{"embeddable":true,"href":"https:\/\/radiocresatelital.com\/index.php?rest_route=\/wp\/v2\/media\/15909"}],"wp:attachment":[{"href":"https:\/\/radiocresatelital.com\/index.php?rest_route=%2Fwp%2Fv2%2Fmedia&parent=15908"}],"wp:term":[{"taxonomy":"category","embeddable":true,"href":"https:\/\/radiocresatelital.com\/index.php?rest_route=%2Fwp%2Fv2%2Fcategories&post=15908"},{"taxonomy":"post_tag","embeddable":true,"href":"https:\/\/radiocresatelital.com\/index.php?rest_route=%2Fwp%2Fv2%2Ftags&post=15908"}],"curies":[{"name":"wp","href":"https:\/\/api.w.org\/{rel}","templated":true}]}}