{"id":159,"date":"2023-06-20T22:55:24","date_gmt":"2023-06-20T22:55:24","guid":{"rendered":"https:\/\/radiocresatelital.com\/?p=159"},"modified":"2023-06-20T22:55:24","modified_gmt":"2023-06-20T22:55:24","slug":"todo-listo-para-el-campeonato-nacional-femenino-y-absoluto-de-ajedrez","status":"publish","type":"post","link":"https:\/\/radiocresatelital.com\/?p=159","title":{"rendered":"Todo listo para el Campeonato Nacional Femenino y Absoluto de Ajedrez"},"content":{"rendered":"<p>Quito.- Del mi\u00e9rcoles 21 al domingo 25 de junio, en las instalaciones de la Asociaci\u00f3n de Ajedrez de Pichincha, con el respaldo y aval de la Federaci\u00f3n Ecuatoriana de Ajedrez, se desarrollar\u00e1 el Campeonato Nacional Absoluto y Femenino de Ajedrez, en las modalidades Standart (90+3) y Bletz (3+2)<\/p>\n<p>Este evento contar\u00e1 con la participaci\u00f3n de los mejores exponentes tanto en damas como en varones de todo el pa\u00eds, ya que es un evento clasificatorio para el Selectivo Nacional, por lo que el torneo ser\u00e1 de muy alto nivel.<\/p>\n<p>La delegaci\u00f3n de Pichincha estar\u00e1 comandada por sus m\u00e1ximas figuras como el gran maestro Plinio Pazos, quien defender\u00e1 su t\u00edtulo de campe\u00f3n provincial<strong>,<\/strong>\u00a0Bryan Carrasco, campe\u00f3n nacional, la maestra internacional Anah\u00ed Ortiz y la Gran Maestra Carla Heredia, adem\u00e1s de la m\u00faltiple campeona nacional Roci\u00f3 V\u00e1squez, de Carchi.<\/p>\n<p>Aprovechando el evento en casa, tambi\u00e9n participar\u00e1n los mejores talentos juveniles de Pichincha que se preparan para los Juegos Nacionales Juveniles de Riobamba, que se vivir\u00e1n en agosto.<\/p>\n<p>Entre los ajedrecistas juveniles de Pichincha destacan: Ariana Rom\u00e1n, Leandro Ramos, Johnny Vizca\u00edno, Arely C\u00e1rdenas, Justin V\u00e9lez, Mathias Guerrero, Micaela Oleas, entre otros, quienes estar\u00e1n bajo el mando de los entrenadores Jennifer P\u00e9rez, Ram\u00f3n Echavarr\u00eda y Arnaldo Vald\u00e9z.<\/p>\n","protected":false},"excerpt":{"rendered":"<p>Quito.- Del mi\u00e9rcoles 21 al domingo 25 de junio, en las instalaciones de la Asociaci\u00f3n de Ajedrez de Pichincha, con el respaldo y aval de la Federaci\u00f3n Ecuatoriana de Ajedrez, se desarrollar\u00e1 el Campeonato Nacional Absoluto y Femenino de Ajedrez, en las modalidades Standart (90+3) y Bletz (3+2) Este evento contar\u00e1 con la participaci\u00f3n de [&hellip;]<\/p>\n","protected":false},"author":2,"featured_media":160,"comment_status":"open","ping_status":"closed","sticky":false,"template":"","format":"standard","meta":{"_jetpack_memberships_contains_paid_content":false,"footnotes":""},"categories":[9],"tags":[37],"class_list":["post-159","post","type-post","status-publish","format-standard","has-post-thumbnail","hentry","category-deportes","tag-ajedrez"],"jetpack_featured_media_url":"https:\/\/radiocresatelital.com\/wp-content\/uploads\/2023\/06\/WhatsApp-Image-2023-06-20-at-16.38.24-1200x800-1.jpeg","jetpack_sharing_enabled":true,"_links":{"self":[{"href":"https:\/\/radiocresatelital.com\/index.php?rest_route=\/wp\/v2\/posts\/159","targetHints":{"allow":["GET"]}}],"collection":[{"href":"https:\/\/radiocresatelital.com\/index.php?rest_route=\/wp\/v2\/posts"}],"about":[{"href":"https:\/\/radiocresatelital.com\/index.php?rest_route=\/wp\/v2\/types\/post"}],"author":[{"embeddable":true,"href":"https:\/\/radiocresatelital.com\/index.php?rest_route=\/wp\/v2\/users\/2"}],"replies":[{"embeddable":true,"href":"https:\/\/radiocresatelital.com\/index.php?rest_route=%2Fwp%2Fv2%2Fcomments&post=159"}],"version-history":[{"count":1,"href":"https:\/\/radiocresatelital.com\/index.php?rest_route=\/wp\/v2\/posts\/159\/revisions"}],"predecessor-version":[{"id":161,"href":"https:\/\/radiocresatelital.com\/index.php?rest_route=\/wp\/v2\/posts\/159\/revisions\/161"}],"wp:featuredmedia":[{"embeddable":true,"href":"https:\/\/radiocresatelital.com\/index.php?rest_route=\/wp\/v2\/media\/160"}],"wp:attachment":[{"href":"https:\/\/radiocresatelital.com\/index.php?rest_route=%2Fwp%2Fv2%2Fmedia&parent=159"}],"wp:term":[{"taxonomy":"category","embeddable":true,"href":"https:\/\/radiocresatelital.com\/index.php?rest_route=%2Fwp%2Fv2%2Fcategories&post=159"},{"taxonomy":"post_tag","embeddable":true,"href":"https:\/\/radiocresatelital.com\/index.php?rest_route=%2Fwp%2Fv2%2Ftags&post=159"}],"curies":[{"name":"wp","href":"https:\/\/api.w.org\/{rel}","templated":true}]}}