{"id":15887,"date":"2024-07-01T20:34:03","date_gmt":"2024-07-01T20:34:03","guid":{"rendered":"https:\/\/radiocresatelital.com\/?p=15887"},"modified":"2024-07-01T20:34:03","modified_gmt":"2024-07-01T20:34:03","slug":"gioconda-herrera-nueva-directora-de-flacso-ecuador","status":"publish","type":"post","link":"https:\/\/radiocresatelital.com\/?p=15887","title":{"rendered":"Gioconda Herrera nueva directora de FLACSO Ecuador"},"content":{"rendered":"<p>Quito.- La XXV Asamblea General de la Facultad Latinoamericana de Ciencias Sociales, reunida el viernes 27 de junio en Chile, nombr\u00f3 a la doctora Gioconda Herrera Mosquera como nueva directora de la Sede Ecuador para el per\u00edodo<strong> julio 2024 \/ julio 2028<\/strong>.<\/p>\n<p>La doctora Herrera suceder\u00e1 al doctor Felipe Burbano de Lara quien deja la direcci\u00f3n luego de haberla ejercido desde julio del 2020.<\/p>\n<p>Gioconda Herrera fue nominada como directora a trav\u00e9s de un proceso de consulta interna convocado por el Consejo Acad\u00e9mico, por medio de la Asamblea Universitaria. La consulta cont\u00f3 con la participaci\u00f3n, mediante votaci\u00f3n, de todos los\/las integrantes de los estamentos de profesores\/as, estudiantes y trabajadores\/as.<\/p>\n<p>La nueva directora de FLACSO Ecuador, Gioconda Herrera, ha trabajado por m\u00e1s de 25 a\u00f1os como profesora de la Sede. Es soci\u00f3loga y feminista. Obtuvo su Ph.D. en Sociolog\u00eda por la Universidad de Columbia, EE. UU. Fue subdirectora acad\u00e9mica de FLACSO Ecuador entre los a\u00f1os 2014 y 2016, y ha coordinado distintos programas de estudios de la universidad a lo largo del tiempo. Fue vicepresidenta y presidenta del Latin American Studies Association, LASA (2019\/2021) y ha integrado varios comit\u00e9s cient\u00edficos y editoriales en el \u00e1mbito nacional e internacional. Cuenta con una amplia producci\u00f3n acad\u00e9mica e investigativa sobre las desigualdades sociales en Am\u00e9rica Latina, los procesos migratorios de la regi\u00f3n andina, el retorno forzado, reg\u00edmenes de movilidad e inmovilidad migratoria, entre otros.<\/p>\n<p>En el mismo acto efectuado para nominar a la candidata a la direcci\u00f3n de FLACSO Ecuador se realiz\u00f3 la consulta para designar a la persona que ocupar\u00e1 la Subdirecci\u00f3n Acad\u00e9mica. La designaci\u00f3n recay\u00f3 en el doctor Alfredo Santill\u00e1n, quien ha trabajado en la instituci\u00f3n durante 15 a\u00f1os. El doctor Santill\u00e1n<\/p>\n<p>reemplazar\u00e1 en esas funciones a la doctora Mar\u00eda Fernanda L\u00f3pez. Alfredo Santill\u00e1n es soci\u00f3logo y antrop\u00f3logo y cuenta con un doctorado en Estudios Sociales por la Universidad Externado de Colombia. Es autor de varios art\u00edculos cient\u00edficos, cap\u00edtulos en libros y libros compilados sobre temas de imaginarios urbanos, segregaci\u00f3n socio &#8211; espacial, violencia e inseguridad urbana, culturas sonoras y antropolog\u00eda de la m\u00fasica, el sonido y la escucha. El acto de posesi\u00f3n de las nuevas autoridades de FLACSO Ecuador se llevar\u00e1 a cabo el <strong>11 de julio de 2024<\/strong>.<\/p>\n","protected":false},"excerpt":{"rendered":"<p>Quito.- La XXV Asamblea General de la Facultad Latinoamericana de Ciencias Sociales, reunida el viernes 27 de junio en Chile, nombr\u00f3 a la doctora Gioconda Herrera Mosquera como nueva directora de la Sede Ecuador para el per\u00edodo julio 2024 \/ julio 2028. La doctora Herrera suceder\u00e1 al doctor Felipe Burbano de Lara quien deja la [&hellip;]<\/p>\n","protected":false},"author":2,"featured_media":15888,"comment_status":"open","ping_status":"closed","sticky":false,"template":"","format":"standard","meta":{"_jetpack_memberships_contains_paid_content":false,"footnotes":""},"categories":[13],"tags":[2583],"class_list":["post-15887","post","type-post","status-publish","format-standard","has-post-thumbnail","hentry","category-noticias-nacionales","tag-flacso"],"jetpack_featured_media_url":"https:\/\/radiocresatelital.com\/wp-content\/uploads\/2024\/07\/WhatsApp-Image-2024-07-01-at-15.22.19.jpeg","jetpack_sharing_enabled":true,"_links":{"self":[{"href":"https:\/\/radiocresatelital.com\/index.php?rest_route=\/wp\/v2\/posts\/15887","targetHints":{"allow":["GET"]}}],"collection":[{"href":"https:\/\/radiocresatelital.com\/index.php?rest_route=\/wp\/v2\/posts"}],"about":[{"href":"https:\/\/radiocresatelital.com\/index.php?rest_route=\/wp\/v2\/types\/post"}],"author":[{"embeddable":true,"href":"https:\/\/radiocresatelital.com\/index.php?rest_route=\/wp\/v2\/users\/2"}],"replies":[{"embeddable":true,"href":"https:\/\/radiocresatelital.com\/index.php?rest_route=%2Fwp%2Fv2%2Fcomments&post=15887"}],"version-history":[{"count":1,"href":"https:\/\/radiocresatelital.com\/index.php?rest_route=\/wp\/v2\/posts\/15887\/revisions"}],"predecessor-version":[{"id":15889,"href":"https:\/\/radiocresatelital.com\/index.php?rest_route=\/wp\/v2\/posts\/15887\/revisions\/15889"}],"wp:featuredmedia":[{"embeddable":true,"href":"https:\/\/radiocresatelital.com\/index.php?rest_route=\/wp\/v2\/media\/15888"}],"wp:attachment":[{"href":"https:\/\/radiocresatelital.com\/index.php?rest_route=%2Fwp%2Fv2%2Fmedia&parent=15887"}],"wp:term":[{"taxonomy":"category","embeddable":true,"href":"https:\/\/radiocresatelital.com\/index.php?rest_route=%2Fwp%2Fv2%2Fcategories&post=15887"},{"taxonomy":"post_tag","embeddable":true,"href":"https:\/\/radiocresatelital.com\/index.php?rest_route=%2Fwp%2Fv2%2Ftags&post=15887"}],"curies":[{"name":"wp","href":"https:\/\/api.w.org\/{rel}","templated":true}]}}