{"id":15884,"date":"2024-07-01T20:23:07","date_gmt":"2024-07-01T20:23:07","guid":{"rendered":"https:\/\/radiocresatelital.com\/?p=15884"},"modified":"2024-07-01T20:23:07","modified_gmt":"2024-07-01T20:23:07","slug":"guayaquil-es-ejemplo-de-lucha-y-ratificamos-nuestro-compromiso-de-construir-una-mejor-sociedad-marcela-aguinaga","status":"publish","type":"post","link":"https:\/\/radiocresatelital.com\/?p=15884","title":{"rendered":"\u201cGuayaquil es ejemplo de lucha y ratificamos nuestro compromiso de construir una mejor sociedad\u201d, Marcela Agui\u00f1aga"},"content":{"rendered":"<p><span style=\"font-weight: 400;\">Guayaquil.- La Prefectura Ciudadana del Guayas volvi\u00f3 a vestirse de celeste y blanco, en el inicio de las fiestas julianas, a trav\u00e9s de la segunda edici\u00f3n de Guayas saluda a Guayaquil, para celebrar a la urbe huancavilca en sus 489 a\u00f1os de fundaci\u00f3n.\u00a0<\/span><\/p>\n<p><span style=\"font-weight: 400;\">La prefecta Marcela Agui\u00f1aga lider\u00f3 el evento que se desarroll\u00f3 en la calle Illingworth, al aire libre. A ella la acompa\u00f1aron el viceprefecto Carlos Serrano, autoridades policiales, representantes consulares y p\u00fablico en general. El humor y la m\u00fasica se combinaron en el homenaje que cont\u00f3 con las interpretaciones de la Banda Blanca de la Armada, del Ballet Folcl\u00f3rico Espol y del ex c\u00f3nsul general de Panam\u00e1 Manuel Pardo Fern\u00e1ndez.<\/span><\/p>\n<p><span style=\"font-weight: 400;\">\u201cGuayaquil ha sido una ciudad que ha dado ejemplo de esp\u00edritu de lucha, de perseverancia, de resiliencia, que hace posible que todos los d\u00edas, a pesar de la dificultad que tiene Guayaquil, Guayas y el Ecuador, no se d\u00e9 por vencida\u201d, manifest\u00f3 la ejecutiva guayasense en una breve intervenci\u00f3n en la que destac\u00f3 el esp\u00edritu aguerrido de la ciudad y sus tradiciones.<\/span><\/p>\n<p><span style=\"font-weight: 400;\">Por eso, Marcela Agui\u00f1aga hizo un llamado a los guayaquile\u00f1os para que sigan trabajando desde sus diferentes sectores. \u201cNuestro compromiso como Prefectura del Guayas es luchar y no darnos por vencidos, de poder construir una mejor sociedad, juntos, en unidad\u201d.<\/span><\/p>\n<p><span style=\"font-weight: 400;\">La segunda edici\u00f3n de Guayas saluda a Guayaquil incluy\u00f3 nuevamente, una feria de emprendimientos. En total, 15 emprendedores de diferentes sitios de la provincia llegaron hasta los bajos del edificio central para promocionar y vender sus productos a los guayaquile\u00f1os, junto a la tienda Guayalma y Cook Chef School.<\/span><\/p>\n<p><span style=\"font-weight: 400;\">Marcos Molme lleg\u00f3 desde Balao para promocionar Miel del Manglar, la iniciativa que desarroll\u00f3 junto a compa\u00f1eros cangrejeros de su cant\u00f3n. \u201cNos ha ido muy bien, porque se da a conocer el producto y poco a poco tenemos acogida\u201d.\u00a0<\/span><\/p>\n<p><span style=\"font-weight: 400;\">Karina Cede\u00f1o estaba muy animada mientras explicaba a los interesados c\u00f3mo preparar los panes de yuca Albita con los que se est\u00e1 abriendo camino. \u201cSe siente muy lindo\u201d, se\u00f1al\u00f3. Mientras que Cecibel D\u00edaz promocionaba su vino de Jamaica. \u201cLe agradecemos a la Prefecta su apoyo porque en verdad que a nosotros nos ha ido muy bien\u201d, resalt\u00f3.<\/span><\/p>\n","protected":false},"excerpt":{"rendered":"<p>Guayaquil.- La Prefectura Ciudadana del Guayas volvi\u00f3 a vestirse de celeste y blanco, en el inicio de las fiestas julianas, a trav\u00e9s de la segunda edici\u00f3n de Guayas saluda a Guayaquil, para celebrar a la urbe huancavilca en sus 489 a\u00f1os de fundaci\u00f3n.\u00a0 La prefecta Marcela Agui\u00f1aga lider\u00f3 el evento que se desarroll\u00f3 en la [&hellip;]<\/p>\n","protected":false},"author":2,"featured_media":15885,"comment_status":"open","ping_status":"closed","sticky":false,"template":"","format":"standard","meta":{"_jetpack_memberships_contains_paid_content":false,"footnotes":""},"categories":[13],"tags":[248,415],"class_list":["post-15884","post","type-post","status-publish","format-standard","has-post-thumbnail","hentry","category-noticias-nacionales","tag-marcela-aguinaga","tag-prefectura-ciudadana-del-guayas"],"jetpack_featured_media_url":"https:\/\/radiocresatelital.com\/wp-content\/uploads\/2024\/07\/WhatsApp-Image-2024-07-01-at-12.01.13-16.jpeg","jetpack_sharing_enabled":true,"_links":{"self":[{"href":"https:\/\/radiocresatelital.com\/index.php?rest_route=\/wp\/v2\/posts\/15884","targetHints":{"allow":["GET"]}}],"collection":[{"href":"https:\/\/radiocresatelital.com\/index.php?rest_route=\/wp\/v2\/posts"}],"about":[{"href":"https:\/\/radiocresatelital.com\/index.php?rest_route=\/wp\/v2\/types\/post"}],"author":[{"embeddable":true,"href":"https:\/\/radiocresatelital.com\/index.php?rest_route=\/wp\/v2\/users\/2"}],"replies":[{"embeddable":true,"href":"https:\/\/radiocresatelital.com\/index.php?rest_route=%2Fwp%2Fv2%2Fcomments&post=15884"}],"version-history":[{"count":1,"href":"https:\/\/radiocresatelital.com\/index.php?rest_route=\/wp\/v2\/posts\/15884\/revisions"}],"predecessor-version":[{"id":15886,"href":"https:\/\/radiocresatelital.com\/index.php?rest_route=\/wp\/v2\/posts\/15884\/revisions\/15886"}],"wp:featuredmedia":[{"embeddable":true,"href":"https:\/\/radiocresatelital.com\/index.php?rest_route=\/wp\/v2\/media\/15885"}],"wp:attachment":[{"href":"https:\/\/radiocresatelital.com\/index.php?rest_route=%2Fwp%2Fv2%2Fmedia&parent=15884"}],"wp:term":[{"taxonomy":"category","embeddable":true,"href":"https:\/\/radiocresatelital.com\/index.php?rest_route=%2Fwp%2Fv2%2Fcategories&post=15884"},{"taxonomy":"post_tag","embeddable":true,"href":"https:\/\/radiocresatelital.com\/index.php?rest_route=%2Fwp%2Fv2%2Ftags&post=15884"}],"curies":[{"name":"wp","href":"https:\/\/api.w.org\/{rel}","templated":true}]}}