{"id":1583,"date":"2023-07-26T20:50:57","date_gmt":"2023-07-26T20:50:57","guid":{"rendered":"https:\/\/radiocresatelital.com\/?p=1583"},"modified":"2023-07-26T21:52:40","modified_gmt":"2023-07-26T21:52:40","slug":"graiman-presenta-su-feria-de-saldos-2023","status":"publish","type":"post","link":"https:\/\/radiocresatelital.com\/?p=1583","title":{"rendered":"GRAIMAN presenta su Feria de Saldos 2023"},"content":{"rendered":"<p>Cuenca.- Graiman, l\u00edder en la industria de cer\u00e1micas y porcelanatos, se complace en anunciar la esperada Feria de Saldos Graiman 2023, donde los amantes de la calidad, del dise\u00f1o \u00a0y el ahorro podr\u00e1n disfrutar de incre\u00edbles ofertas en una amplia variedad de productos. La feria se llevar\u00e1 a cabo del 25 de julio al 5 de agosto.<\/p>\n<p>La Feria de Saldos Graiman 2023 se realizar\u00e1 en diferentes puntos de venta estrat\u00e9gicamente ubicados para comodidad de los clientes en las siguientes ciudades y con todas las medidas de seguridad:<\/p>\n<ul>\n<li><strong>Cuenca:<\/strong> Outlet Totoracocha, Av. Hurtado de Mendoza<\/li>\n<li><strong>Guayaquil:<\/strong> Graiman Store Juan Tanca Marengo, Outlet Sur Av. 25 de Julio frente al Mall del Sur.<\/li>\n<li><strong>Quito:<\/strong> Outlet Sur Av. Maldonado y Taura, Galo Plaza, Graiman Store Av. Amazonas y Corea<\/li>\n<li><strong>Ambato:<\/strong> Outlet Febr\u00e9s Cordero<\/li>\n<\/ul>\n<p><em>\u201cEl objetivo principal de nuestra Feria de Saldos es brindar una experiencia de compra \u00fanica y satisfactoria para todos nuestros clientes. De esta manera podr\u00e1n construir o adecuar los espacios de su hogar o negocios a un costo accesible y con la confianza de y garant\u00eda que solo una empresa s\u00f3lida como Graiman puede ofrecer\u201d <\/em>se\u00f1ala Jos\u00e9 Cuesta, Gerente Comercial de Graiman. Adem\u00e1s, menciona que, durante la feria, los asistentes podr\u00e1n apreciar ideas de dise\u00f1o y algunas ideas de decoraci\u00f3n para aprovechar al m\u00e1ximo los saldos y empezar realizar sus proyectos al mejor precio.<\/p>\n<p>Durante estos d\u00edas, los visitantes podr\u00e1n encontrar cer\u00e1micas a partir de $5,25 y porcelanatos desde $7,25. Adem\u00e1s, por cada pago realizado con tarjetas Produbanco, los clientes participar\u00e1n en un sorteo de 2 motos el\u00e9ctricas. Tambi\u00e9n podr\u00e1n disfrutar de la oportunidad de obtener cashback para ocmpras futuras y otros \u00a0descuentos en todas las dem\u00e1s l\u00edneas de productos, que incluyen grifer\u00edas, sanitarios, herramientas y m\u00e1s.<\/p>\n<p>Por otra parte, el equipo de colaboradores de Graiman, se han preparado para recibir a cada uno de sus clientes de manera excepcional. A trav\u00e9s del personal altamente calificado, y servicios post venta \u00fanicos en la categor\u00eda como la entrega y estibaje en obra, se ofrecer\u00e1 adem\u00e1s asesoramiento personalizado con la finalidad de guiar a cada uno de los clientes a una elecci\u00f3n adecuada de productos y que cumplan con sus expectativas.<\/p>\n<p>Pensando en cada uno de sus clientes, la empresa presenta una amplia gama de productos para renovar el hogar de manera \u00fanica, elegante y econ\u00f3mica con la calidad de Graiman. Atr\u00e9vete a darle un cambio a tus espacios y visita la Feria de Saldos Graiman 2023. Te esperamos en nuestros puntos de venta en Cuenca, Guayaquil, Quito y Ambato.<\/p>\n","protected":false},"excerpt":{"rendered":"<p>Cuenca.- Graiman, l\u00edder en la industria de cer\u00e1micas y porcelanatos, se complace en anunciar la esperada Feria de Saldos Graiman 2023, donde los amantes de la calidad, del dise\u00f1o \u00a0y el ahorro podr\u00e1n disfrutar de incre\u00edbles ofertas en una amplia variedad de productos. La feria se llevar\u00e1 a cabo del 25 de julio al 5 [&hellip;]<\/p>\n","protected":false},"author":2,"featured_media":1584,"comment_status":"open","ping_status":"closed","sticky":false,"template":"","format":"standard","meta":{"_jetpack_memberships_contains_paid_content":false,"footnotes":""},"categories":[13],"tags":[377],"class_list":["post-1583","post","type-post","status-publish","format-standard","has-post-thumbnail","hentry","category-noticias-nacionales","tag-graiman"],"jetpack_featured_media_url":"https:\/\/radiocresatelital.com\/wp-content\/uploads\/2023\/07\/ac8be609-9e35-49bf-b927-916fc910bb72.jpg","jetpack_sharing_enabled":true,"_links":{"self":[{"href":"https:\/\/radiocresatelital.com\/index.php?rest_route=\/wp\/v2\/posts\/1583","targetHints":{"allow":["GET"]}}],"collection":[{"href":"https:\/\/radiocresatelital.com\/index.php?rest_route=\/wp\/v2\/posts"}],"about":[{"href":"https:\/\/radiocresatelital.com\/index.php?rest_route=\/wp\/v2\/types\/post"}],"author":[{"embeddable":true,"href":"https:\/\/radiocresatelital.com\/index.php?rest_route=\/wp\/v2\/users\/2"}],"replies":[{"embeddable":true,"href":"https:\/\/radiocresatelital.com\/index.php?rest_route=%2Fwp%2Fv2%2Fcomments&post=1583"}],"version-history":[{"count":1,"href":"https:\/\/radiocresatelital.com\/index.php?rest_route=\/wp\/v2\/posts\/1583\/revisions"}],"predecessor-version":[{"id":1585,"href":"https:\/\/radiocresatelital.com\/index.php?rest_route=\/wp\/v2\/posts\/1583\/revisions\/1585"}],"wp:featuredmedia":[{"embeddable":true,"href":"https:\/\/radiocresatelital.com\/index.php?rest_route=\/wp\/v2\/media\/1584"}],"wp:attachment":[{"href":"https:\/\/radiocresatelital.com\/index.php?rest_route=%2Fwp%2Fv2%2Fmedia&parent=1583"}],"wp:term":[{"taxonomy":"category","embeddable":true,"href":"https:\/\/radiocresatelital.com\/index.php?rest_route=%2Fwp%2Fv2%2Fcategories&post=1583"},{"taxonomy":"post_tag","embeddable":true,"href":"https:\/\/radiocresatelital.com\/index.php?rest_route=%2Fwp%2Fv2%2Ftags&post=1583"}],"curies":[{"name":"wp","href":"https:\/\/api.w.org\/{rel}","templated":true}]}}