{"id":1576,"date":"2023-07-26T21:34:44","date_gmt":"2023-07-26T21:34:44","guid":{"rendered":"https:\/\/radiocresatelital.com\/?p=1576"},"modified":"2023-07-26T21:34:44","modified_gmt":"2023-07-26T21:34:44","slug":"homenaje-a-medallistas-de-suramericanos-de-playa-2023","status":"publish","type":"post","link":"https:\/\/radiocresatelital.com\/?p=1576","title":{"rendered":"Homenaje a medallistas de Suramericanos de Playa 2023"},"content":{"rendered":"<p>Guayaquil.- En una conferencia de prensa en el auditorio del Comit\u00e9 Ol\u00edmpico Ecuatoriano se reconoci\u00f3 a los atletas que alcanzaron medallas en los V Juegos Suramericanos de Playa.<br aria-hidden=\"true\" \/><br aria-hidden=\"true\" \/>La campeona de tenis playa Mar\u00eda Emilia Quintana y el triatleta Gabriel Ter\u00e1n, ganador de la medalla de oro en parejas junto a Juan Jos\u00e9 Andrade fueron parte de la conferencia de prensa en la que se dio detalles de participaci\u00f3n ecuatoriana en tierras colombianas.<br aria-hidden=\"true\" \/><br aria-hidden=\"true\" \/>El Team Ecuador mejor\u00f3 en un 440% su actuaci\u00f3n en comparaci\u00f3n con la edici\u00f3n pasada en Rosario 2019 donde solo se alcanzaron 5 preseas, una de la cuales fue de oro. En Santa Marta 2023 el pa\u00eds increment\u00f3 esa cosecha en 22 medallas, divididas en cuatro de oro, siete de plata y once de bronce.<br aria-hidden=\"true\" \/><br aria-hidden=\"true\" \/>\u201cCon mucha satisfacci\u00f3n supimos superar el medallero que tuvimos en Rosario, donde no nos fue muy bien hace cuatro a\u00f1os. En Santa Marta hemos superado con creces esos resultados, pudo incluso haber sido mejor; pero recordemos que estamos en un a\u00f1o preol\u00edmpico y algunos deportistas est\u00e1n buscando clasificaciones y por eso no estuvieron presente; pero estuvieron sus compa\u00f1eros que lo hicieron muy bien\u201d, se\u00f1al\u00f3 el presidente del COE Jorge Delgado Panchana.<br aria-hidden=\"true\" \/><br aria-hidden=\"true\" \/>\u201cPara nosotros siempre es un orgullo poder celebrar los logros de nuestros deportistas. Agradezco a los deportistas presentes, a quienes no est\u00e1n presentes, a los dirigentes, a los se\u00f1ores entrenadores, a la fuerza invisible que son sus padres, quienes son tambi\u00e9n homenajeados indirectamente a trav\u00e9s de sus hijos\u201d, continu\u00f3 el Capit\u00e1n Delgado.<br aria-hidden=\"true\" \/><br aria-hidden=\"true\" \/>La metod\u00f3loga del COE encargada del evento Nadia Dumani present\u00f3 el informe t\u00e9cnico de la participaci\u00f3n que supera la \u00faltima actuaci\u00f3n del Team Ecuador, y que adem\u00e1s se convierte en la mejor de todas las cinco ediciones de estos Juegos con 22 medallas en total.<br aria-hidden=\"true\" \/><br aria-hidden=\"true\" \/>Tambi\u00e9n se destac\u00f3 las edades de los deportistas que actuaron en la cita, pues el m\u00e1s joven est\u00e1 en 14 a\u00f1os. Los atletas recibieron un diploma y un certificado de participaci\u00f3n.<\/p>\n","protected":false},"excerpt":{"rendered":"<p>Guayaquil.- En una conferencia de prensa en el auditorio del Comit\u00e9 Ol\u00edmpico Ecuatoriano se reconoci\u00f3 a los atletas que alcanzaron medallas en los V Juegos Suramericanos de Playa.La campeona de tenis playa Mar\u00eda Emilia Quintana y el triatleta Gabriel Ter\u00e1n, ganador de la medalla de oro en parejas junto a Juan Jos\u00e9 Andrade fueron parte [&hellip;]<\/p>\n","protected":false},"author":2,"featured_media":1577,"comment_status":"open","ping_status":"closed","sticky":false,"template":"","format":"standard","meta":{"_jetpack_memberships_contains_paid_content":false,"footnotes":""},"categories":[9],"tags":[16,104],"class_list":["post-1576","post","type-post","status-publish","format-standard","has-post-thumbnail","hentry","category-deportes","tag-comite-olimpico-ecuatoriano","tag-juegos-suramericanos-de-playa"],"jetpack_featured_media_url":"https:\/\/radiocresatelital.com\/wp-content\/uploads\/2023\/07\/22962dc1-3a23-51a1-9a1c-759e0dfea490.jpg","jetpack_sharing_enabled":true,"_links":{"self":[{"href":"https:\/\/radiocresatelital.com\/index.php?rest_route=\/wp\/v2\/posts\/1576","targetHints":{"allow":["GET"]}}],"collection":[{"href":"https:\/\/radiocresatelital.com\/index.php?rest_route=\/wp\/v2\/posts"}],"about":[{"href":"https:\/\/radiocresatelital.com\/index.php?rest_route=\/wp\/v2\/types\/post"}],"author":[{"embeddable":true,"href":"https:\/\/radiocresatelital.com\/index.php?rest_route=\/wp\/v2\/users\/2"}],"replies":[{"embeddable":true,"href":"https:\/\/radiocresatelital.com\/index.php?rest_route=%2Fwp%2Fv2%2Fcomments&post=1576"}],"version-history":[{"count":1,"href":"https:\/\/radiocresatelital.com\/index.php?rest_route=\/wp\/v2\/posts\/1576\/revisions"}],"predecessor-version":[{"id":1578,"href":"https:\/\/radiocresatelital.com\/index.php?rest_route=\/wp\/v2\/posts\/1576\/revisions\/1578"}],"wp:featuredmedia":[{"embeddable":true,"href":"https:\/\/radiocresatelital.com\/index.php?rest_route=\/wp\/v2\/media\/1577"}],"wp:attachment":[{"href":"https:\/\/radiocresatelital.com\/index.php?rest_route=%2Fwp%2Fv2%2Fmedia&parent=1576"}],"wp:term":[{"taxonomy":"category","embeddable":true,"href":"https:\/\/radiocresatelital.com\/index.php?rest_route=%2Fwp%2Fv2%2Fcategories&post=1576"},{"taxonomy":"post_tag","embeddable":true,"href":"https:\/\/radiocresatelital.com\/index.php?rest_route=%2Fwp%2Fv2%2Ftags&post=1576"}],"curies":[{"name":"wp","href":"https:\/\/api.w.org\/{rel}","templated":true}]}}