{"id":15729,"date":"2024-06-26T23:20:42","date_gmt":"2024-06-26T23:20:42","guid":{"rendered":"https:\/\/radiocresatelital.com\/?p=15729"},"modified":"2024-06-26T23:20:42","modified_gmt":"2024-06-26T23:20:42","slug":"fructifero-recorrido-y-reunion-de-seguridad-del-gobernador-vicente-auad-en-la-bahia-de-guayaquil","status":"publish","type":"post","link":"https:\/\/radiocresatelital.com\/?p=15729","title":{"rendered":"Fruct\u00edfero recorrido y reuni\u00f3n de seguridad del Gobernador Vicente Auad, en la Bah\u00eda de Guayaquil"},"content":{"rendered":"<p>Guayaquil.- El Gobernador del Guayas, Vicente Auad, junto al Grupo de Prevenci\u00f3n del Delito de la Polic\u00eda Nacional y las Fuerzas Armadas, realiz\u00f3 un positivo recorrido por la Bah\u00eda de Guayaquil. Durante esta visita, el Gobernador comparti\u00f3 con los comerciantes del sector, escuchando atentamente sus sugerencias e iniciativas para fortalecer la seguridad ciudadana en el gremio comercial del Puerto Principal.<\/p>\n<p><strong>\u2713 Compromiso con la Seguridad Ciudadana<\/strong><br \/>\nDespu\u00e9s del recorrido, la primera autoridad de la provincia entabl\u00f3 una importante reuni\u00f3n de seguridad con representantes de la Bah\u00eda de la ciudad y el Bloque de Seguridad. En esta reuni\u00f3n se determin\u00f3 que la presencia de polic\u00edas y militares ser\u00e1 incrementada en los pr\u00f3ximos d\u00edas. Esta medida busca cubrir toda el \u00e1rea extensa de la Bah\u00eda y atender con prontitud las emergencias en materia de inseguridad que afectan a m\u00e1s de 4.000 comerciantes de este vital gremio.<\/p>\n<p>\u00abCombatiremos la inseguridad de frente, sin descanso y con todos los recursos a nuestra disposici\u00f3n. No permitiremos que la delincuencia detenga el progreso y bienestar de nuestra gente.\u00bb<\/p>\n<p><strong>\u2713 Apoyo y Reconocimiento de los Comerciantes<\/strong><br \/>\nLos comerciantes de la Bah\u00eda han expresado su total apoyo al Gobernador del Guayas y al gobierno de Daniel Noboa, destacando las acciones emprendidas para contrarrestar los delitos que han afectado sus negocios. Seg\u00fan los testimonios de los comerciantes, la presencia de la Polic\u00eda Nacional ha sido de gran ayuda, permitiendo un incremento en sus ventas y una recuperaci\u00f3n paulatina de las p\u00e9rdidas ocasionadas por la delincuencia.<\/p>\n<p><strong>\u2713 Iniciativas y Agradecimientos<\/strong><br \/>\nDurante la reuni\u00f3n, las asociaciones comerciales entregaron oficios de agradecimiento al Gobernador por su involucramiento en la problem\u00e1tica de inseguridad que los afecta. Los dirigentes tambi\u00e9n solicitaron una mayor presencia militar para que se sume a las labores de la Polic\u00eda Nacional. Auad se comprometi\u00f3 a continuar con el seguimiento de las necesidades del sector y asegur\u00f3 que el Grupo de Intervenci\u00f3n del Delito se mantendr\u00e1 firme en la zona.<\/p>\n<p><strong>\u2713 Articulaci\u00f3n con el Municipio de Guayaquil<\/strong><br \/>\nAdem\u00e1s, se articular\u00e1 la participaci\u00f3n del Municipio de Guayaquil para reforzar las acciones de seguridad. \u00abEn el Nuevo Ecuador, estamos trabajando con contundencia e inmediatez,\u00bb afirm\u00f3 el Gobernador, subrayando el compromiso de su administraci\u00f3n para asegurar un entorno seguro y pr\u00f3spero para todos los guayasenses.<\/p>\n","protected":false},"excerpt":{"rendered":"<p>Guayaquil.- El Gobernador del Guayas, Vicente Auad, junto al Grupo de Prevenci\u00f3n del Delito de la Polic\u00eda Nacional y las Fuerzas Armadas, realiz\u00f3 un positivo recorrido por la Bah\u00eda de Guayaquil. Durante esta visita, el Gobernador comparti\u00f3 con los comerciantes del sector, escuchando atentamente sus sugerencias e iniciativas para fortalecer la seguridad ciudadana en el [&hellip;]<\/p>\n","protected":false},"author":2,"featured_media":15730,"comment_status":"open","ping_status":"closed","sticky":false,"template":"","format":"standard","meta":{"_jetpack_memberships_contains_paid_content":false,"footnotes":""},"categories":[13],"tags":[1370,2212],"class_list":["post-15729","post","type-post","status-publish","format-standard","has-post-thumbnail","hentry","category-noticias-nacionales","tag-gobernador-del-guayas","tag-vicente-auad"],"jetpack_featured_media_url":"https:\/\/radiocresatelital.com\/wp-content\/uploads\/2024\/06\/WhatsApp-Image-2024-06-26-at-18.05.25.jpeg","jetpack_sharing_enabled":true,"_links":{"self":[{"href":"https:\/\/radiocresatelital.com\/index.php?rest_route=\/wp\/v2\/posts\/15729","targetHints":{"allow":["GET"]}}],"collection":[{"href":"https:\/\/radiocresatelital.com\/index.php?rest_route=\/wp\/v2\/posts"}],"about":[{"href":"https:\/\/radiocresatelital.com\/index.php?rest_route=\/wp\/v2\/types\/post"}],"author":[{"embeddable":true,"href":"https:\/\/radiocresatelital.com\/index.php?rest_route=\/wp\/v2\/users\/2"}],"replies":[{"embeddable":true,"href":"https:\/\/radiocresatelital.com\/index.php?rest_route=%2Fwp%2Fv2%2Fcomments&post=15729"}],"version-history":[{"count":1,"href":"https:\/\/radiocresatelital.com\/index.php?rest_route=\/wp\/v2\/posts\/15729\/revisions"}],"predecessor-version":[{"id":15731,"href":"https:\/\/radiocresatelital.com\/index.php?rest_route=\/wp\/v2\/posts\/15729\/revisions\/15731"}],"wp:featuredmedia":[{"embeddable":true,"href":"https:\/\/radiocresatelital.com\/index.php?rest_route=\/wp\/v2\/media\/15730"}],"wp:attachment":[{"href":"https:\/\/radiocresatelital.com\/index.php?rest_route=%2Fwp%2Fv2%2Fmedia&parent=15729"}],"wp:term":[{"taxonomy":"category","embeddable":true,"href":"https:\/\/radiocresatelital.com\/index.php?rest_route=%2Fwp%2Fv2%2Fcategories&post=15729"},{"taxonomy":"post_tag","embeddable":true,"href":"https:\/\/radiocresatelital.com\/index.php?rest_route=%2Fwp%2Fv2%2Ftags&post=15729"}],"curies":[{"name":"wp","href":"https:\/\/api.w.org\/{rel}","templated":true}]}}