{"id":15726,"date":"2024-06-26T23:02:07","date_gmt":"2024-06-26T23:02:07","guid":{"rendered":"https:\/\/radiocresatelital.com\/?p=15726"},"modified":"2024-06-26T23:02:07","modified_gmt":"2024-06-26T23:02:07","slug":"el-nuevo-ecuador-marca-un-hito-historico-estrena-politica-nacional-de-fomento-a-la-lectura-la-oralidad-y-acceso-al-libro","status":"publish","type":"post","link":"https:\/\/radiocresatelital.com\/?p=15726","title":{"rendered":"El Nuevo Ecuador marca un hito hist\u00f3rico: Estrena Pol\u00edtica Nacional de Fomento a la lectura, la oralidad y acceso al libro"},"content":{"rendered":"<p>Quito.- La lectura fomenta el desarrollo cognitivo, la creatividad, el pensamiento cr\u00edtico y el acceso equitativo al conocimiento, esencial para una ciudadan\u00eda informada y participativa.<\/p>\n<p>Por ello, la ma\u00f1ana de este 26 de junio, el presidente de la Rep\u00fablica del Ecuador, Daniel Noboa Azin, present\u00f3 la Pol\u00edtica Nacional de Fomento a la Lectura, la Oralidad y Acceso al Libro de Ecuador. El anuncio de este hito se efectu\u00f3 en las instalaciones del Centro C\u00edvico Mariscal Sucre, ubicado al sur de Quito.<\/p>\n<p>Con esta acci\u00f3n, por primera vez en la historia del pa\u00eds se genera una Pol\u00edtica Nacional de esta naturaleza, representando un avance significativo respecto a planes e iniciativas anteriores que nunca hab\u00edan alcanzado el estatus de pol\u00edtica p\u00fablica. El Primer Mandatario destac\u00f3 la relevancia de la medida y de fomentar estos h\u00e1bitos en los ciudadanos desde peque\u00f1os: \u201ccada ni\u00f1o merece tener esa oportunidad, desarrollar su creatividad, su capacidad y de so\u00f1ar tambi\u00e9n, por medio de la lectura\u201d.<\/p>\n<p>El objetivo principal de esta pol\u00edtica es fomentar los h\u00e1bitos de lectura desde una perspectiva democr\u00e1tica, inclusiva e intercultural, contribuyendo a la reconstrucci\u00f3n del tejido social a nivel nacional. \u201cEs un gran aporte, no solo para la sociedad, sino para la vida y para el futuro de cada uno de ustedes\u201d, insisti\u00f3 el presidente Noboa.<\/p>\n<p>Esta iniciativa del gobierno del Nuevo Ecuador, a trav\u00e9s del Ministerio de Cultura y Patrimonio, fue desarrollada en colaboraci\u00f3n con la academia, expertos, agentes del sector y con la asistencia t\u00e9cnica del Centro Regional para el Fomento del Libro en Am\u00e9rica Latina y el Caribe (CERLALC).<\/p>\n<p>La ministra de Cultura y Patrimonio, Romina Mu\u00f1oz, subray\u00f3 que esta pol\u00edtica se integra con otras carteras de Estado y con los Gobiernos Aut\u00f3nomos Descentralizados, concentr\u00e1ndose en seis ejes fundamentales. La pol\u00edtica \u201cconsidera la lectura y la oralidad como derechos fundamentales para consolidar los procesos de educaci\u00f3n, disfrute y participaci\u00f3n plena de todos<br \/>\nlos agentes en la sociedad\u201d, indic\u00f3.<\/p>\n<p><strong>Los ejes son:<\/strong><br \/>\n1. Acceso, fomento y democratizaci\u00f3n, que tiene entre sus objetivos la creaci\u00f3n de programas que contemplen perspectivas de g\u00e9nero y promuevan el respeto a las diversidades.<\/p>\n<p>2. Infraestructura y patrimonio para mejorar los espacios de lectura.<\/p>\n<p>3. Formaci\u00f3n e investigaci\u00f3n, impulsando procesos de capacitaci\u00f3n para creadores, bibliotecarios, editores, educadores y aliados al ecosistema de la lectura y la oralidad, a trav\u00e9s de becas y alianzas con universidades.<\/p>\n<p>4. Creaci\u00f3n, desarrollo y sostenibilidad, eje que impulsa mecanismos de fomento para la creaci\u00f3n, circulaci\u00f3n y difusi\u00f3n del libro.<\/p>\n<p>5. Internacionalizaci\u00f3n, que promueve el posicionamiento de la Cultura Ecuatoriana en el exterior.<\/p>\n<p>6. Comunicaci\u00f3n para fomentar, mediante estrategias de visibilizaci\u00f3n que promuevan la lectura.<\/p>\n<p>El Nuevo Ecuador tambi\u00e9n resuelve problem\u00e1ticas desde la promoci\u00f3n cultural, pues fomenta una sociedad m\u00e1s reflexiva, que construye el pensamiento cr\u00edtico y anal\u00edtico.<\/p>\n","protected":false},"excerpt":{"rendered":"<p>Quito.- La lectura fomenta el desarrollo cognitivo, la creatividad, el pensamiento cr\u00edtico y el acceso equitativo al conocimiento, esencial para una ciudadan\u00eda informada y participativa. Por ello, la ma\u00f1ana de este 26 de junio, el presidente de la Rep\u00fablica del Ecuador, Daniel Noboa Azin, present\u00f3 la Pol\u00edtica Nacional de Fomento a la Lectura, la Oralidad [&hellip;]<\/p>\n","protected":false},"author":2,"featured_media":15727,"comment_status":"open","ping_status":"closed","sticky":false,"template":"","format":"standard","meta":{"_jetpack_memberships_contains_paid_content":false,"footnotes":""},"categories":[13],"tags":[1322],"class_list":["post-15726","post","type-post","status-publish","format-standard","has-post-thumbnail","hentry","category-noticias-nacionales","tag-presidente-daniel-noboa"],"jetpack_featured_media_url":"https:\/\/radiocresatelital.com\/wp-content\/uploads\/2024\/06\/53816836457_ca1a36e53d_c.jpg","jetpack_sharing_enabled":true,"_links":{"self":[{"href":"https:\/\/radiocresatelital.com\/index.php?rest_route=\/wp\/v2\/posts\/15726","targetHints":{"allow":["GET"]}}],"collection":[{"href":"https:\/\/radiocresatelital.com\/index.php?rest_route=\/wp\/v2\/posts"}],"about":[{"href":"https:\/\/radiocresatelital.com\/index.php?rest_route=\/wp\/v2\/types\/post"}],"author":[{"embeddable":true,"href":"https:\/\/radiocresatelital.com\/index.php?rest_route=\/wp\/v2\/users\/2"}],"replies":[{"embeddable":true,"href":"https:\/\/radiocresatelital.com\/index.php?rest_route=%2Fwp%2Fv2%2Fcomments&post=15726"}],"version-history":[{"count":1,"href":"https:\/\/radiocresatelital.com\/index.php?rest_route=\/wp\/v2\/posts\/15726\/revisions"}],"predecessor-version":[{"id":15728,"href":"https:\/\/radiocresatelital.com\/index.php?rest_route=\/wp\/v2\/posts\/15726\/revisions\/15728"}],"wp:featuredmedia":[{"embeddable":true,"href":"https:\/\/radiocresatelital.com\/index.php?rest_route=\/wp\/v2\/media\/15727"}],"wp:attachment":[{"href":"https:\/\/radiocresatelital.com\/index.php?rest_route=%2Fwp%2Fv2%2Fmedia&parent=15726"}],"wp:term":[{"taxonomy":"category","embeddable":true,"href":"https:\/\/radiocresatelital.com\/index.php?rest_route=%2Fwp%2Fv2%2Fcategories&post=15726"},{"taxonomy":"post_tag","embeddable":true,"href":"https:\/\/radiocresatelital.com\/index.php?rest_route=%2Fwp%2Fv2%2Ftags&post=15726"}],"curies":[{"name":"wp","href":"https:\/\/api.w.org\/{rel}","templated":true}]}}