{"id":15719,"date":"2024-06-26T21:45:37","date_gmt":"2024-06-26T21:45:37","guid":{"rendered":"https:\/\/radiocresatelital.com\/?p=15719"},"modified":"2024-06-26T21:45:49","modified_gmt":"2024-06-26T21:45:49","slug":"en-el-suburbio-oeste-ya-esta-operativo-el-segundo-comedor-provincial-ciudadano","status":"publish","type":"post","link":"https:\/\/radiocresatelital.com\/?p=15719","title":{"rendered":"En el Suburbio Oeste ya est\u00e1 operativo el segundo Comedor Provincial Ciudadano"},"content":{"rendered":"<p><span style=\"font-weight: 400;\">Guayaquil.- Los ni\u00f1os fueron los protagonistas del acto inaugural del segundo Comedor Provincial de la Prefectura del Guayas, que est\u00e1 ubicado en el Suburbio Oeste de Guayaquil, y es administrado por la iglesia Evang\u00e9lica El Huerto de los Olivos.\u00a0<\/span><\/p>\n<p><span style=\"font-weight: 400;\">La prefecta Marcela Agui\u00f1aga fue la encargada de inaugurarlo, rodeada principalmente por los chicos, quienes compartieron con ella no solo el alimento sino tambi\u00e9n momentos emotivos.<\/span><\/p>\n<p><span style=\"font-weight: 400;\">El proyecto est\u00e1 dirigido a ni\u00f1os menores de 12 a\u00f1os, adultos mayores, personas con discapacidad y mujeres embarazadas. En cada comedor, se prev\u00e9 entregar, gratuitamente, 140 almuerzos diarios.\u00a0<\/span><\/p>\n<p><span style=\"font-weight: 400;\">Mar\u00eda Fernanda Le\u00f3n y el pastor Sebasti\u00e1n Qui\u00f1\u00f3nez agradecieron a nombre de la comunidad por la iniciativa de la ejecutiva guayasense que brinda alimento nutritivo a las personas m\u00e1s vulnerables. \u201cQue el Se\u00f1or me la siga usando para su honra y para su gloria\u201d, destac\u00f3 el religioso.<\/span><\/p>\n<p><span style=\"font-weight: 400;\">El proyecto se cristaliza a trav\u00e9s de una alianza estrat\u00e9gica con el Banco de Alimentos Diakon\u00eda; cuenta con la colaboraci\u00f3n de la Escuela de los Chefs y organizaciones cooperantes, cuyos representantes tambi\u00e9n compartieron con los chicos y dem\u00e1s personas beneficiadas. En el acto inaugural, el men\u00fa fue un nutritivo locro de pollo, arroz con menestra y carne, y jugo natural.<\/span><\/p>\n<p><span style=\"font-weight: 400;\">Durante su intervenci\u00f3n, la prefecta Marcela Agui\u00f1aga ratific\u00f3 que continuar\u00e1 ejecutando obras sociales para atender a los sectores m\u00e1s vulnerables de la provincia. \u201cEstamos tratando de conseguir una sociedad mejor\u2026 Cuando la pol\u00edtica es para servir a la gente, entonces vale la pena el sacrificio\u201d, remarc\u00f3.<\/span><\/p>\n","protected":false},"excerpt":{"rendered":"<p>Guayaquil.- Los ni\u00f1os fueron los protagonistas del acto inaugural del segundo Comedor Provincial de la Prefectura del Guayas, que est\u00e1 ubicado en el Suburbio Oeste de Guayaquil, y es administrado por la iglesia Evang\u00e9lica El Huerto de los Olivos.\u00a0 La prefecta Marcela Agui\u00f1aga fue la encargada de inaugurarlo, rodeada principalmente por los chicos, quienes compartieron [&hellip;]<\/p>\n","protected":false},"author":2,"featured_media":15720,"comment_status":"open","ping_status":"closed","sticky":false,"template":"","format":"standard","meta":{"_jetpack_memberships_contains_paid_content":false,"footnotes":""},"categories":[13],"tags":[248,415],"class_list":["post-15719","post","type-post","status-publish","format-standard","has-post-thumbnail","hentry","category-noticias-nacionales","tag-marcela-aguinaga","tag-prefectura-ciudadana-del-guayas"],"jetpack_featured_media_url":"https:\/\/radiocresatelital.com\/wp-content\/uploads\/2024\/06\/WhatsApp-Image-2024-06-26-at-15.01.41-5-scaled.jpeg","jetpack_sharing_enabled":true,"_links":{"self":[{"href":"https:\/\/radiocresatelital.com\/index.php?rest_route=\/wp\/v2\/posts\/15719","targetHints":{"allow":["GET"]}}],"collection":[{"href":"https:\/\/radiocresatelital.com\/index.php?rest_route=\/wp\/v2\/posts"}],"about":[{"href":"https:\/\/radiocresatelital.com\/index.php?rest_route=\/wp\/v2\/types\/post"}],"author":[{"embeddable":true,"href":"https:\/\/radiocresatelital.com\/index.php?rest_route=\/wp\/v2\/users\/2"}],"replies":[{"embeddable":true,"href":"https:\/\/radiocresatelital.com\/index.php?rest_route=%2Fwp%2Fv2%2Fcomments&post=15719"}],"version-history":[{"count":1,"href":"https:\/\/radiocresatelital.com\/index.php?rest_route=\/wp\/v2\/posts\/15719\/revisions"}],"predecessor-version":[{"id":15721,"href":"https:\/\/radiocresatelital.com\/index.php?rest_route=\/wp\/v2\/posts\/15719\/revisions\/15721"}],"wp:featuredmedia":[{"embeddable":true,"href":"https:\/\/radiocresatelital.com\/index.php?rest_route=\/wp\/v2\/media\/15720"}],"wp:attachment":[{"href":"https:\/\/radiocresatelital.com\/index.php?rest_route=%2Fwp%2Fv2%2Fmedia&parent=15719"}],"wp:term":[{"taxonomy":"category","embeddable":true,"href":"https:\/\/radiocresatelital.com\/index.php?rest_route=%2Fwp%2Fv2%2Fcategories&post=15719"},{"taxonomy":"post_tag","embeddable":true,"href":"https:\/\/radiocresatelital.com\/index.php?rest_route=%2Fwp%2Fv2%2Ftags&post=15719"}],"curies":[{"name":"wp","href":"https:\/\/api.w.org\/{rel}","templated":true}]}}