{"id":15710,"date":"2024-06-26T18:34:18","date_gmt":"2024-06-26T18:34:18","guid":{"rendered":"https:\/\/radiocresatelital.com\/?p=15710"},"modified":"2024-06-26T18:34:18","modified_gmt":"2024-06-26T18:34:18","slug":"casi-17-millones-de-m3-de-sedimento-se-removio-del-rio-guayas-en-un-ano","status":"publish","type":"post","link":"https:\/\/radiocresatelital.com\/?p=15710","title":{"rendered":"Casi 1,7 millones de m3 de sedimento se removi\u00f3 del r\u00edo Guayas en un a\u00f1o"},"content":{"rendered":"<p>Guayaquil.- En este mes de junio se cumple un a\u00f1o desde que se inici\u00f3 el dragado del r\u00edo Guayas. En un a\u00f1o, se ha removido 1\u2019678.846,8 millones de metros c\u00fabicos de los alrededores del islote El Palmar.<\/p>\n<p>El contrato fue firmado el 17 de mayo de 2022, en la anterior administraci\u00f3n, y desde que asumi\u00f3 funciones el 14 de mayo de 2023, la prefecta Marcela Agui\u00f1aga dispuso al consorcio Dragando por Guayas que inicie los trabajos.<\/p>\n<p>La prefecta Marcela Agui\u00f1aga se\u00f1al\u00f3 que, despu\u00e9s de un a\u00f1o, se ha extra\u00eddo menos del 30% de un total estimado de 6 millones de metros c\u00fabicos. Pese a ello, garantiz\u00f3 que su administraci\u00f3n har\u00e1 respetar los recursos del Guayas. Tambi\u00e9n reiter\u00f3 que se busca un manejo integral de la cuenca del r\u00edo Guayas, a trav\u00e9s de un plan maestro que ya est\u00e1 siendo socializado en cantones.<\/p>\n<p>Seg\u00fan un informe de la Direcci\u00f3n de Riego, Drenaje y Dragas (Dirdra) de la Prefectura Ciudadana del Guayas, el contrato del dragado asciende a 43\u2019952.094,03 d\u00f3lares, que incluye la movilizaci\u00f3n de la draga y la instalaci\u00f3n de una tuber\u00eda de 650 mm de di\u00e1metro desde la draga hasta El Tejar y Terrenos Particulares I, en Dur\u00e1n, donde se deposita el sedimento; entre otros rubros.<\/p>\n<p>Del total de 1\u2019678.846,8 de metros c\u00fabicos extra\u00eddos, la mayor parte ha sido depositado en El Tejar (1\u2019206.479,86 m3) y el resto en Terrenos Particulares 1 (473.889,76 m3). Sin embargo, seg\u00fan el contrato, al momento, se deber\u00eda haber retirado casi 2,5 millones de metros c\u00fabicos de sedimento, por lo que hay una diferencia de m\u00e1s de 815.000 m3, seg\u00fan se\u00f1ala el informe de Dirdra.<\/p>\n","protected":false},"excerpt":{"rendered":"<p>Guayaquil.- En este mes de junio se cumple un a\u00f1o desde que se inici\u00f3 el dragado del r\u00edo Guayas. En un a\u00f1o, se ha removido 1\u2019678.846,8 millones de metros c\u00fabicos de los alrededores del islote El Palmar. El contrato fue firmado el 17 de mayo de 2022, en la anterior administraci\u00f3n, y desde que asumi\u00f3 [&hellip;]<\/p>\n","protected":false},"author":2,"featured_media":15711,"comment_status":"open","ping_status":"closed","sticky":false,"template":"","format":"standard","meta":{"_jetpack_memberships_contains_paid_content":false,"footnotes":""},"categories":[13],"tags":[248,415],"class_list":["post-15710","post","type-post","status-publish","format-standard","has-post-thumbnail","hentry","category-noticias-nacionales","tag-marcela-aguinaga","tag-prefectura-ciudadana-del-guayas"],"jetpack_featured_media_url":"https:\/\/radiocresatelital.com\/wp-content\/uploads\/2024\/06\/dji_fly_20240415_110224_147_1713197795032_photo_optimized-1.jpg","jetpack_sharing_enabled":true,"_links":{"self":[{"href":"https:\/\/radiocresatelital.com\/index.php?rest_route=\/wp\/v2\/posts\/15710","targetHints":{"allow":["GET"]}}],"collection":[{"href":"https:\/\/radiocresatelital.com\/index.php?rest_route=\/wp\/v2\/posts"}],"about":[{"href":"https:\/\/radiocresatelital.com\/index.php?rest_route=\/wp\/v2\/types\/post"}],"author":[{"embeddable":true,"href":"https:\/\/radiocresatelital.com\/index.php?rest_route=\/wp\/v2\/users\/2"}],"replies":[{"embeddable":true,"href":"https:\/\/radiocresatelital.com\/index.php?rest_route=%2Fwp%2Fv2%2Fcomments&post=15710"}],"version-history":[{"count":1,"href":"https:\/\/radiocresatelital.com\/index.php?rest_route=\/wp\/v2\/posts\/15710\/revisions"}],"predecessor-version":[{"id":15712,"href":"https:\/\/radiocresatelital.com\/index.php?rest_route=\/wp\/v2\/posts\/15710\/revisions\/15712"}],"wp:featuredmedia":[{"embeddable":true,"href":"https:\/\/radiocresatelital.com\/index.php?rest_route=\/wp\/v2\/media\/15711"}],"wp:attachment":[{"href":"https:\/\/radiocresatelital.com\/index.php?rest_route=%2Fwp%2Fv2%2Fmedia&parent=15710"}],"wp:term":[{"taxonomy":"category","embeddable":true,"href":"https:\/\/radiocresatelital.com\/index.php?rest_route=%2Fwp%2Fv2%2Fcategories&post=15710"},{"taxonomy":"post_tag","embeddable":true,"href":"https:\/\/radiocresatelital.com\/index.php?rest_route=%2Fwp%2Fv2%2Ftags&post=15710"}],"curies":[{"name":"wp","href":"https:\/\/api.w.org\/{rel}","templated":true}]}}