{"id":1556,"date":"2023-07-26T20:48:46","date_gmt":"2023-07-26T20:48:46","guid":{"rendered":"https:\/\/radiocresatelital.com\/?p=1556"},"modified":"2023-07-26T20:48:46","modified_gmt":"2023-07-26T20:48:46","slug":"intervencion-en-la-penitenciaria-se-mantiene-575-operativos-de-control-en-manabi-los-rios-y-duran","status":"publish","type":"post","link":"https:\/\/radiocresatelital.com\/?p=1556","title":{"rendered":"Intervenci\u00f3n en la Penitenciar\u00eda se mantiene; 575 Operativos de control en Manab\u00ed, Los R\u00edos y Dur\u00e1n"},"content":{"rendered":"<p>Guayaquil.- Las labores de las Fuerzas Armadas y de la Polic\u00eda Nacional se mantienen en aplicaci\u00f3n de los estados de excepci\u00f3n dispuestos por el Presidente de la Rep\u00fablica, Guillermo Lasso, en el sistema penitenciario y en las provincias de<br \/>\nManab\u00ed, Los R\u00edos y en el cant\u00f3n Dur\u00e1n. En este marco, militares y polic\u00edas prestan su contingente permanente con el fin de proteger a la ciudadan\u00eda.<\/p>\n<p><strong>Intervenci\u00f3n en el Centro de Privaci\u00f3n de Libertad (CPL) Guayas N\u00b01<br \/>\n<\/strong><br \/>\nMediante unidades t\u00e1cticas, operativas y traslado de personas privadas de libertad (PPL), se retom\u00f3 el control de los diferentes pabellones en el centro carcelario. Los resultados finales de la intervenci\u00f3n dejaron en decomiso:<\/p>\n<p>\u2022 13 armas cortas<br \/>\n\u2022 13 armas largas<br \/>\n\u2022 1 granada<br \/>\n\u2022 1 lanza granadas<br \/>\n\u2022 6.001 municiones<br \/>\n\u2022 25 alimentadoras<br \/>\n\u2022 127 celulares<br \/>\n\u2022 5 chalecos antibalas<br \/>\n\u2022 6 radios de comunicaci\u00f3n<br \/>\n\u2022 4.341 d\u00f3lares en efectivo<br \/>\n\u2022 Sustancias sujetas a fiscalizaci\u00f3n<\/p>\n<p><strong>Resultados del estado de excepci\u00f3n en Manab\u00ed, Los R\u00edos y Dur\u00e1n <\/strong><\/p>\n<p>A partir de la vigencia del decreto de estado de excepci\u00f3n en Manab\u00ed, Los R\u00edos y Dur\u00e1n, la Polic\u00eda Nacional y las Fuerzas Armadas se han desplegado para realizar varias acciones conducentes a frenar a las organizaciones delictivas. Los resultados son:<\/p>\n<p>\u2022 575 operativos de control en los que se ha registrado a 4768 personas.<br \/>\n\u2022 42 personas detenidas<br \/>\n\u2022 16 armas decomisadas (blancas y de fuego)<br \/>\n\u2022 3 motos y 6 carros recuperados<\/p>\n<p><strong>Actuaci\u00f3n en Esmeraldas<br \/>\n<\/strong><br \/>\nTras los episodios de violencia registrados ayer en Esmeraldas, la activaci\u00f3n y despliegue de la Fuerza Tarea Conjunta y la Polic\u00eda Nacional fue inmediata. Las acciones ejecutadas en distintos sectores dieron como resultado:<\/p>\n<p>\u2022 420 municiones decomisadas<br \/>\n\u2022 84 explosivos decomisados<br \/>\n\u2022 Droga incautada<br \/>\n\u2022 7 motos recuperadas<br \/>\n\u2022 12 miembros de grupos delincuenciales organizados detenidos<br \/>\n\u2022 3 polic\u00edas rescatados<br \/>\n\u2022 723 veh\u00edculos, 342 motos y 1.618 personas fueron registrados<\/p>\n<p>Los controles y operativos continuar\u00e1n desarroll\u00e1ndose a fin de evitar hechos delictivos y violentos<\/p>\n","protected":false},"excerpt":{"rendered":"<p>Guayaquil.- Las labores de las Fuerzas Armadas y de la Polic\u00eda Nacional se mantienen en aplicaci\u00f3n de los estados de excepci\u00f3n dispuestos por el Presidente de la Rep\u00fablica, Guillermo Lasso, en el sistema penitenciario y en las provincias de Manab\u00ed, Los R\u00edos y en el cant\u00f3n Dur\u00e1n. En este marco, militares y polic\u00edas prestan su [&hellip;]<\/p>\n","protected":false},"author":2,"featured_media":1557,"comment_status":"open","ping_status":"closed","sticky":false,"template":"","format":"standard","meta":{"_jetpack_memberships_contains_paid_content":false,"footnotes":""},"categories":[13],"tags":[372,362],"class_list":["post-1556","post","type-post","status-publish","format-standard","has-post-thumbnail","hentry","category-noticias-nacionales","tag-ffaa","tag-policia-nacional"],"jetpack_featured_media_url":"https:\/\/radiocresatelital.com\/wp-content\/uploads\/2023\/07\/policia-carcel.jpg","jetpack_sharing_enabled":true,"_links":{"self":[{"href":"https:\/\/radiocresatelital.com\/index.php?rest_route=\/wp\/v2\/posts\/1556","targetHints":{"allow":["GET"]}}],"collection":[{"href":"https:\/\/radiocresatelital.com\/index.php?rest_route=\/wp\/v2\/posts"}],"about":[{"href":"https:\/\/radiocresatelital.com\/index.php?rest_route=\/wp\/v2\/types\/post"}],"author":[{"embeddable":true,"href":"https:\/\/radiocresatelital.com\/index.php?rest_route=\/wp\/v2\/users\/2"}],"replies":[{"embeddable":true,"href":"https:\/\/radiocresatelital.com\/index.php?rest_route=%2Fwp%2Fv2%2Fcomments&post=1556"}],"version-history":[{"count":1,"href":"https:\/\/radiocresatelital.com\/index.php?rest_route=\/wp\/v2\/posts\/1556\/revisions"}],"predecessor-version":[{"id":1558,"href":"https:\/\/radiocresatelital.com\/index.php?rest_route=\/wp\/v2\/posts\/1556\/revisions\/1558"}],"wp:featuredmedia":[{"embeddable":true,"href":"https:\/\/radiocresatelital.com\/index.php?rest_route=\/wp\/v2\/media\/1557"}],"wp:attachment":[{"href":"https:\/\/radiocresatelital.com\/index.php?rest_route=%2Fwp%2Fv2%2Fmedia&parent=1556"}],"wp:term":[{"taxonomy":"category","embeddable":true,"href":"https:\/\/radiocresatelital.com\/index.php?rest_route=%2Fwp%2Fv2%2Fcategories&post=1556"},{"taxonomy":"post_tag","embeddable":true,"href":"https:\/\/radiocresatelital.com\/index.php?rest_route=%2Fwp%2Fv2%2Ftags&post=1556"}],"curies":[{"name":"wp","href":"https:\/\/api.w.org\/{rel}","templated":true}]}}