{"id":15468,"date":"2024-06-21T20:14:05","date_gmt":"2024-06-21T20:14:05","guid":{"rendered":"https:\/\/radiocresatelital.com\/?p=15468"},"modified":"2024-06-21T20:14:05","modified_gmt":"2024-06-21T20:14:05","slug":"veronica-meza-asume-la-direccion-zonal-4-del-deporte","status":"publish","type":"post","link":"https:\/\/radiocresatelital.com\/?p=15468","title":{"rendered":"Ver\u00f3nica Meza asume la direcci\u00f3n zonal 4 del deporte"},"content":{"rendered":"<p>Portoviejo. \u2013 Desde este viernes 21 de junio, la portovejense Mar\u00eda Ver\u00f3nica Meza Ant\u00f3n, es la nueva directora zonal 4 del deporte, para las provincias de Manab\u00ed y Santo Domingo de los Ts\u00e1chilas.<\/p>\n<p>La funcionaria fue una destacada deportista en la disciplina del voleibol y tiene amplio conocimiento en lo que respecta a la funci\u00f3n p\u00fablica y privada.<\/p>\n<p>Ver\u00f3nica Meza es Abogada de los Juzgados y Tribunales de la Rep\u00fablica del Ecuador, M\u00e1ster en Derecho, Empresa y Justicia. Actualmente se encuentra realizando su tesis doctoral, en la Universidad de Valencia.<\/p>\n<p>\u201cEl deporte es una herramienta social muy potente, vence las barreras de la desigualdad creando v\u00ednculos fraternos en los diferentes segmentos de la sociedad. Vamos a trabajar en beneficio de nuestros deportistas, de la ciudadan\u00eda en general, agradezco al presidente de la Rep\u00fablica Daniel Noboa y al ministro, Andr\u00e9s Guschmer, por darme la oportunidad de integrarme al gran equipo del nuevo Ecuador\u201d, coment\u00f3 la flamante directora zonal 4 del deporte<\/p>\n","protected":false},"excerpt":{"rendered":"<p>Portoviejo. \u2013 Desde este viernes 21 de junio, la portovejense Mar\u00eda Ver\u00f3nica Meza Ant\u00f3n, es la nueva directora zonal 4 del deporte, para las provincias de Manab\u00ed y Santo Domingo de los Ts\u00e1chilas. La funcionaria fue una destacada deportista en la disciplina del voleibol y tiene amplio conocimiento en lo que respecta a la funci\u00f3n [&hellip;]<\/p>\n","protected":false},"author":2,"featured_media":15469,"comment_status":"open","ping_status":"closed","sticky":false,"template":"","format":"standard","meta":{"_jetpack_memberships_contains_paid_content":false,"footnotes":""},"categories":[9],"tags":[169],"class_list":["post-15468","post","type-post","status-publish","format-standard","has-post-thumbnail","hentry","category-deportes","tag-ministerio-del-deporte"],"jetpack_featured_media_url":"https:\/\/radiocresatelital.com\/wp-content\/uploads\/2024\/06\/a9a2ecba-76d4-4939-8b97-173b70fa4543.jpeg","jetpack_sharing_enabled":true,"_links":{"self":[{"href":"https:\/\/radiocresatelital.com\/index.php?rest_route=\/wp\/v2\/posts\/15468","targetHints":{"allow":["GET"]}}],"collection":[{"href":"https:\/\/radiocresatelital.com\/index.php?rest_route=\/wp\/v2\/posts"}],"about":[{"href":"https:\/\/radiocresatelital.com\/index.php?rest_route=\/wp\/v2\/types\/post"}],"author":[{"embeddable":true,"href":"https:\/\/radiocresatelital.com\/index.php?rest_route=\/wp\/v2\/users\/2"}],"replies":[{"embeddable":true,"href":"https:\/\/radiocresatelital.com\/index.php?rest_route=%2Fwp%2Fv2%2Fcomments&post=15468"}],"version-history":[{"count":1,"href":"https:\/\/radiocresatelital.com\/index.php?rest_route=\/wp\/v2\/posts\/15468\/revisions"}],"predecessor-version":[{"id":15470,"href":"https:\/\/radiocresatelital.com\/index.php?rest_route=\/wp\/v2\/posts\/15468\/revisions\/15470"}],"wp:featuredmedia":[{"embeddable":true,"href":"https:\/\/radiocresatelital.com\/index.php?rest_route=\/wp\/v2\/media\/15469"}],"wp:attachment":[{"href":"https:\/\/radiocresatelital.com\/index.php?rest_route=%2Fwp%2Fv2%2Fmedia&parent=15468"}],"wp:term":[{"taxonomy":"category","embeddable":true,"href":"https:\/\/radiocresatelital.com\/index.php?rest_route=%2Fwp%2Fv2%2Fcategories&post=15468"},{"taxonomy":"post_tag","embeddable":true,"href":"https:\/\/radiocresatelital.com\/index.php?rest_route=%2Fwp%2Fv2%2Ftags&post=15468"}],"curies":[{"name":"wp","href":"https:\/\/api.w.org\/{rel}","templated":true}]}}