{"id":15460,"date":"2024-06-21T19:28:21","date_gmt":"2024-06-21T19:28:21","guid":{"rendered":"https:\/\/radiocresatelital.com\/?p=15460"},"modified":"2024-06-21T19:30:33","modified_gmt":"2024-06-21T19:30:33","slug":"lider-del-liv-toscana-se-impuso-en-la-segunda-valida-del-campeonato-nacional-de-enduro","status":"publish","type":"post","link":"https:\/\/radiocresatelital.com\/?p=15460","title":{"rendered":"L\u00edder del LIV Toscana se impuso en la segunda v\u00e1lida del campeonato nacional de enduro"},"content":{"rendered":"<p>Cuenca.- La l\u00edder del LIV Toscana<strong>, <\/strong>Ana Isabel Idrovo se impuso en la segunda v\u00e1lida del campeonato nacional de enduro, prueba desarrollada en San Felipe de O\u00f1a, un cant\u00f3n de la provincia de Azuay.<\/p>\n<p>Idrovo logr\u00f3 el primer lugar de la clasificaci\u00f3n general de las damas. La carrera se cumpli\u00f3 entre s\u00e1bado y domingo, en los que la adrenalina se sinti\u00f3 durante los trayectos que estuvieron acompa\u00f1ados por intensas lluvias.<\/p>\n<p>\u201cFue una carrera de dos d\u00edas bastante exigente, con un clima que estuvo dif\u00edcil, con mucha lluvia y neblina, lo que complic\u00f3 el trazado de la pista y siempre es complejo correr en el lodo\u201d, manifest\u00f3 la azuaya.<\/p>\n<p>La azuaya dobleg\u00f3 a Gabriela Tausch, quien termin\u00f3 en la segunda posici\u00f3n. Mientras que, Gabriela Sol\u00eds complet\u00f3 el podio en la categor\u00eda damas.<\/p>\n<p>Cabe recordar que la l\u00edder del <strong>LIV Toscana<\/strong> consigui\u00f3 el tercer lugar en la categor\u00eda mixtos de la Cape Epic, carrera de ciclismo de monta\u00f1a que es catalogada como la m\u00e1s importante y exigente del mundo, disputada en Sud\u00e1frica en abril pasado.<\/p>\n<p>La pr\u00f3xima gran prueba de la corredora azuaya ser\u00e1 el Campeonato Nacional de XCM, que se cumplir\u00e1 este fin de semana en la provincia del Ca\u00f1ar y luego se preparar\u00e1 para el The Breck Epic MTB Stage Race, que se cumplir\u00e1 en agosto en Colorado (EEUU).<\/p>\n<p>El <strong>LIV Toscana<\/strong> es el \u00fanico equipo multidisciplinario dedicado solo para mujeres, donde sus integrantes practican varias actividades como marat\u00f3n, triatl\u00f3n, ciclismo de ruta y monta\u00f1a, entre otras modalidades del deporte del pedal.<\/p>\n","protected":false},"excerpt":{"rendered":"<p>Cuenca.- La l\u00edder del LIV Toscana, Ana Isabel Idrovo se impuso en la segunda v\u00e1lida del campeonato nacional de enduro, prueba desarrollada en San Felipe de O\u00f1a, un cant\u00f3n de la provincia de Azuay. Idrovo logr\u00f3 el primer lugar de la clasificaci\u00f3n general de las damas. La carrera se cumpli\u00f3 entre s\u00e1bado y domingo, en [&hellip;]<\/p>\n","protected":false},"author":2,"featured_media":15461,"comment_status":"open","ping_status":"closed","sticky":false,"template":"","format":"standard","meta":{"_jetpack_memberships_contains_paid_content":false,"footnotes":""},"categories":[120,9],"tags":[2544,1973],"class_list":["post-15460","post","type-post","status-publish","format-standard","has-post-thumbnail","hentry","category-ciclismo","category-deportes","tag-ana-isabel-idrovo","tag-liv-toscana"],"jetpack_featured_media_url":"https:\/\/radiocresatelital.com\/wp-content\/uploads\/2024\/06\/WhatsApp-Image-2024-06-21-at-11.43.53.jpeg","jetpack_sharing_enabled":true,"_links":{"self":[{"href":"https:\/\/radiocresatelital.com\/index.php?rest_route=\/wp\/v2\/posts\/15460","targetHints":{"allow":["GET"]}}],"collection":[{"href":"https:\/\/radiocresatelital.com\/index.php?rest_route=\/wp\/v2\/posts"}],"about":[{"href":"https:\/\/radiocresatelital.com\/index.php?rest_route=\/wp\/v2\/types\/post"}],"author":[{"embeddable":true,"href":"https:\/\/radiocresatelital.com\/index.php?rest_route=\/wp\/v2\/users\/2"}],"replies":[{"embeddable":true,"href":"https:\/\/radiocresatelital.com\/index.php?rest_route=%2Fwp%2Fv2%2Fcomments&post=15460"}],"version-history":[{"count":1,"href":"https:\/\/radiocresatelital.com\/index.php?rest_route=\/wp\/v2\/posts\/15460\/revisions"}],"predecessor-version":[{"id":15462,"href":"https:\/\/radiocresatelital.com\/index.php?rest_route=\/wp\/v2\/posts\/15460\/revisions\/15462"}],"wp:featuredmedia":[{"embeddable":true,"href":"https:\/\/radiocresatelital.com\/index.php?rest_route=\/wp\/v2\/media\/15461"}],"wp:attachment":[{"href":"https:\/\/radiocresatelital.com\/index.php?rest_route=%2Fwp%2Fv2%2Fmedia&parent=15460"}],"wp:term":[{"taxonomy":"category","embeddable":true,"href":"https:\/\/radiocresatelital.com\/index.php?rest_route=%2Fwp%2Fv2%2Fcategories&post=15460"},{"taxonomy":"post_tag","embeddable":true,"href":"https:\/\/radiocresatelital.com\/index.php?rest_route=%2Fwp%2Fv2%2Ftags&post=15460"}],"curies":[{"name":"wp","href":"https:\/\/api.w.org\/{rel}","templated":true}]}}