{"id":15458,"date":"2024-06-21T19:16:28","date_gmt":"2024-06-21T19:16:28","guid":{"rendered":"https:\/\/radiocresatelital.com\/?p=15458"},"modified":"2024-06-21T19:16:28","modified_gmt":"2024-06-21T19:16:28","slug":"juan-alba-entra-al-top-15-de-la-vuelta-a-colombia","status":"publish","type":"post","link":"https:\/\/radiocresatelital.com\/?p=15458","title":{"rendered":"Juan Alba entra al \u2018top 15\u2019 de la Vuelta a Colombia"},"content":{"rendered":"<p>Cali.- El equipo continental ecuatoriano Movistar Best PC mejor\u00f3 en la clasificaci\u00f3n general, de la edici\u00f3n 74 de la Vuelta a Colombia, despu\u00e9s de la s\u00e9ptima etapa que se corri\u00f3 hoy entre Pereira y Riosucio (155 km.).<\/p>\n<p>Juan Diego Alba y Richard Huera entraron en el \u2018top 20\u2019 de la jornada, mientras que Bayron Guam\u00e1 lo hizo en el puesto 40.<\/p>\n<p>Con estos resultados, Alba pas\u00f3 al d\u00e9cimo cuarto lugar en la clasificaci\u00f3n general, a 7: 20 del l\u00edder Rodrigo Contreras.<\/p>\n<p>\u00abFue una etapa con un puerto de monta\u00f1a final muy r\u00e1pido. Se seleccion\u00f3 a los que somos y llegu\u00e9 en el segundo grupo a meta\u00bb, coment\u00f3 el ciclista de Tuta.<\/p>\n<p>El Movistar Best PC corre con 5 pedalistas, tras las bajas de Mateo L\u00f3pez y Santiago Montenegro, quienes abandonaron luego de sufrir ca\u00eddas, en la quinta y sexta fracci\u00f3n, respectivamente.<\/p>\n<p>La octava etapa de la ronda \u2018cafetera\u2019 se cumple este s\u00e1bado entre los departamentos de Caldas y Antioquia. Los ciclistas cubrir\u00e1n 144.3 kil\u00f3metros.<\/p>\n","protected":false},"excerpt":{"rendered":"<p>Cali.- El equipo continental ecuatoriano Movistar Best PC mejor\u00f3 en la clasificaci\u00f3n general, de la edici\u00f3n 74 de la Vuelta a Colombia, despu\u00e9s de la s\u00e9ptima etapa que se corri\u00f3 hoy entre Pereira y Riosucio (155 km.). Juan Diego Alba y Richard Huera entraron en el \u2018top 20\u2019 de la jornada, mientras que Bayron Guam\u00e1 [&hellip;]<\/p>\n","protected":false},"author":2,"featured_media":15174,"comment_status":"open","ping_status":"closed","sticky":false,"template":"","format":"standard","meta":{"_jetpack_memberships_contains_paid_content":false,"footnotes":""},"categories":[120,9],"tags":[1029],"class_list":["post-15458","post","type-post","status-publish","format-standard","has-post-thumbnail","hentry","category-ciclismo","category-deportes","tag-movistar-best-pc"],"jetpack_featured_media_url":"https:\/\/radiocresatelital.com\/wp-content\/uploads\/2024\/06\/871be216-871c-4019-b264-0711f7672b18.jpg","jetpack_sharing_enabled":true,"_links":{"self":[{"href":"https:\/\/radiocresatelital.com\/index.php?rest_route=\/wp\/v2\/posts\/15458","targetHints":{"allow":["GET"]}}],"collection":[{"href":"https:\/\/radiocresatelital.com\/index.php?rest_route=\/wp\/v2\/posts"}],"about":[{"href":"https:\/\/radiocresatelital.com\/index.php?rest_route=\/wp\/v2\/types\/post"}],"author":[{"embeddable":true,"href":"https:\/\/radiocresatelital.com\/index.php?rest_route=\/wp\/v2\/users\/2"}],"replies":[{"embeddable":true,"href":"https:\/\/radiocresatelital.com\/index.php?rest_route=%2Fwp%2Fv2%2Fcomments&post=15458"}],"version-history":[{"count":1,"href":"https:\/\/radiocresatelital.com\/index.php?rest_route=\/wp\/v2\/posts\/15458\/revisions"}],"predecessor-version":[{"id":15459,"href":"https:\/\/radiocresatelital.com\/index.php?rest_route=\/wp\/v2\/posts\/15458\/revisions\/15459"}],"wp:featuredmedia":[{"embeddable":true,"href":"https:\/\/radiocresatelital.com\/index.php?rest_route=\/wp\/v2\/media\/15174"}],"wp:attachment":[{"href":"https:\/\/radiocresatelital.com\/index.php?rest_route=%2Fwp%2Fv2%2Fmedia&parent=15458"}],"wp:term":[{"taxonomy":"category","embeddable":true,"href":"https:\/\/radiocresatelital.com\/index.php?rest_route=%2Fwp%2Fv2%2Fcategories&post=15458"},{"taxonomy":"post_tag","embeddable":true,"href":"https:\/\/radiocresatelital.com\/index.php?rest_route=%2Fwp%2Fv2%2Ftags&post=15458"}],"curies":[{"name":"wp","href":"https:\/\/api.w.org\/{rel}","templated":true}]}}