{"id":15434,"date":"2024-06-21T14:57:45","date_gmt":"2024-06-21T14:57:45","guid":{"rendered":"https:\/\/radiocresatelital.com\/?p=15434"},"modified":"2024-06-21T15:00:34","modified_gmt":"2024-06-21T15:00:34","slug":"la-carcel-de-santa-elena-sera-un-simbolo-de-justicia-para-los-ecuatorianos-daniel-noboa","status":"publish","type":"post","link":"https:\/\/radiocresatelital.com\/?p=15434","title":{"rendered":"La c\u00e1rcel de Santa Elena ser\u00e1 un s\u00edmbolo de justicia para los ecuatorianos, Daniel Noboa"},"content":{"rendered":"<p>Santa Elena.- El Presidente de la Rep\u00fablica, Daniel Noboa, estuvo en la ceremonia de inauguraci\u00f3n para la construcci\u00f3n de una de las dos c\u00e1rceles de alta seguridad que ofreci\u00f3, en este caso, la que estar\u00e1 ubicada en Santa Elena.<\/p>\n<p>\u201cEn esta c\u00e1rcel los delincuentes cumplir\u00e1n las penas de la forma que se merecen. Esta c\u00e1rcel va a ser que cualquiera que busque delinquir se lo piensen dos veces\u201d, se\u00f1al\u00f3 el Presidente Noboa en su disertaci\u00f3n, donde reiter\u00f3 el compromiso de trabajar 24\/7 para cumplir con su entrega.<\/p>\n<p>\u00abDamos identidad al lugar como la C\u00e1rcel del Encuentro, puesto que en ella se encontrar\u00e1n corruptos, asesinos y narcotraficantes. Este ser\u00e1 un simbolo de justicia para los ecuatorianos, estamos caminando por la senda de la transformaci\u00f3n hacia un nuevo Ecuador\u00bb, declar\u00f3 el presidente.<\/p>\n<p>\u00abLa lucha en contra del terrorismo y el crimen contin\u00faa, y no nos detendremos ante los intentos de desestabilizar y distraer los esfuerzos de este gobierno con vanalidades; estamos en guerra y este Comandante en Jefe va a luchar hasta el final, no me distraen ni por un minuto de mi verdadera y principal acci\u00f3n que es darle seguridad a los ecuatorianos, dijo el primer mandatario<\/p>\n<p>\u00abVamos a enterrar al viejo Ecuador, ese Ecuador de la corrupci\u00f3n de los hospitales, en las empresas p\u00fablicas, en la Asamblea. \u201cJam\u00e1s vamos a andar negociando nada con criminales que lo insultan a uno d\u00eda a d\u00eda, simplemente porque no decidimos negociar con ellos\u201d.<\/p>\n<p>&nbsp;<\/p>\n<div style=\"width: 640px;\" class=\"wp-video\"><video class=\"wp-video-shortcode\" id=\"video-15434-1\" width=\"640\" height=\"357\" preload=\"metadata\" controls=\"controls\"><source type=\"video\/mp4\" src=\"https:\/\/radiocresatelital.com\/wp-content\/uploads\/2024\/06\/uHKVFIlHKMRFO1Rh.mp4?_=1\" \/><a href=\"https:\/\/radiocresatelital.com\/wp-content\/uploads\/2024\/06\/uHKVFIlHKMRFO1Rh.mp4\">https:\/\/radiocresatelital.com\/wp-content\/uploads\/2024\/06\/uHKVFIlHKMRFO1Rh.mp4<\/a><\/video><\/div>\n","protected":false},"excerpt":{"rendered":"<p>Santa Elena.- El Presidente de la Rep\u00fablica, Daniel Noboa, estuvo en la ceremonia de inauguraci\u00f3n para la construcci\u00f3n de una de las dos c\u00e1rceles de alta seguridad que ofreci\u00f3, en este caso, la que estar\u00e1 ubicada en Santa Elena. \u201cEn esta c\u00e1rcel los delincuentes cumplir\u00e1n las penas de la forma que se merecen. Esta c\u00e1rcel [&hellip;]<\/p>\n","protected":false},"author":3,"featured_media":10388,"comment_status":"open","ping_status":"closed","sticky":false,"template":"","format":"standard","meta":{"_jetpack_memberships_contains_paid_content":false,"footnotes":""},"categories":[13],"tags":[2323],"class_list":["post-15434","post","type-post","status-publish","format-standard","has-post-thumbnail","hentry","category-noticias-nacionales","tag-danielnoboa"],"jetpack_featured_media_url":"https:\/\/radiocresatelital.com\/wp-content\/uploads\/2024\/01\/daniel-noboa-en-ecuavisa.jpg","jetpack_sharing_enabled":true,"_links":{"self":[{"href":"https:\/\/radiocresatelital.com\/index.php?rest_route=\/wp\/v2\/posts\/15434","targetHints":{"allow":["GET"]}}],"collection":[{"href":"https:\/\/radiocresatelital.com\/index.php?rest_route=\/wp\/v2\/posts"}],"about":[{"href":"https:\/\/radiocresatelital.com\/index.php?rest_route=\/wp\/v2\/types\/post"}],"author":[{"embeddable":true,"href":"https:\/\/radiocresatelital.com\/index.php?rest_route=\/wp\/v2\/users\/3"}],"replies":[{"embeddable":true,"href":"https:\/\/radiocresatelital.com\/index.php?rest_route=%2Fwp%2Fv2%2Fcomments&post=15434"}],"version-history":[{"count":2,"href":"https:\/\/radiocresatelital.com\/index.php?rest_route=\/wp\/v2\/posts\/15434\/revisions"}],"predecessor-version":[{"id":15438,"href":"https:\/\/radiocresatelital.com\/index.php?rest_route=\/wp\/v2\/posts\/15434\/revisions\/15438"}],"wp:featuredmedia":[{"embeddable":true,"href":"https:\/\/radiocresatelital.com\/index.php?rest_route=\/wp\/v2\/media\/10388"}],"wp:attachment":[{"href":"https:\/\/radiocresatelital.com\/index.php?rest_route=%2Fwp%2Fv2%2Fmedia&parent=15434"}],"wp:term":[{"taxonomy":"category","embeddable":true,"href":"https:\/\/radiocresatelital.com\/index.php?rest_route=%2Fwp%2Fv2%2Fcategories&post=15434"},{"taxonomy":"post_tag","embeddable":true,"href":"https:\/\/radiocresatelital.com\/index.php?rest_route=%2Fwp%2Fv2%2Ftags&post=15434"}],"curies":[{"name":"wp","href":"https:\/\/api.w.org\/{rel}","templated":true}]}}