{"id":15428,"date":"2024-06-20T21:47:30","date_gmt":"2024-06-20T21:47:30","guid":{"rendered":"https:\/\/radiocresatelital.com\/?p=15428"},"modified":"2024-06-20T21:47:30","modified_gmt":"2024-06-20T21:47:30","slug":"santiago-montenegro-sufre-aparatosa-caida-en-la-vuelta-a-colombia","status":"publish","type":"post","link":"https:\/\/radiocresatelital.com\/?p=15428","title":{"rendered":"Santiago Montenegro sufre aparatosa ca\u00edda en la Vuelta a Colombia"},"content":{"rendered":"<p>Cali.- El equipo continental ecuatoriano Movistar Best PC registr\u00f3 la segunda baja en la Vuelta a Colombia. Ayer, en la quinta etapa, Mateo L\u00f3pez sufri\u00f3 una ca\u00edda y hoy, en la sexta, Santiago Montenegro tuvo que ser llevado al hospital para futuras evaluaciones.<\/p>\n<p>\u201cNo recuerdo c\u00f3mo fue, ni qu\u00e9 pas\u00f3. Me dicen que ca\u00ed en un hueco, se me soltaron las manos y me fui de frente contra el asfalto. Cuando fui recuperando el conocimiento quer\u00eda levantarme y no pod\u00eda\u201d, cont\u00f3 Montenegro, desde Colombia.<\/p>\n<p>Montenegro fue l\u00edder de la clasificaci\u00f3n de la monta\u00f1a durante las dos primeras etapas del giro. Adem\u00e1s, protagoniz\u00f3 una de las fugas m\u00e1s largas de la carrera, en la quinta jornada.<\/p>\n<p><strong>Alba mantiene su posici\u00f3n<\/strong><\/p>\n<p>La clasificaci\u00f3n general no sufri\u00f3 cambios en sus posiciones, en una etapa en la que Bayron Guam\u00e1 intent\u00f3 prosperar en una fuga. Juan Diego Alba se mantiene el d\u00e9cimo s\u00e9ptimo lugar, ahora a 6:40 del l\u00edder Rodrigo Contreras.<\/p>\n<p>La s\u00e9ptima fracci\u00f3n se cumple este viernes entre Pereira y Riosucio, en el eje cafetero. Los ciclistas cubrir\u00e1n 155.3 kil\u00f3metros.<\/p>\n","protected":false},"excerpt":{"rendered":"<p>Cali.- El equipo continental ecuatoriano Movistar Best PC registr\u00f3 la segunda baja en la Vuelta a Colombia. Ayer, en la quinta etapa, Mateo L\u00f3pez sufri\u00f3 una ca\u00edda y hoy, en la sexta, Santiago Montenegro tuvo que ser llevado al hospital para futuras evaluaciones. \u201cNo recuerdo c\u00f3mo fue, ni qu\u00e9 pas\u00f3. Me dicen que ca\u00ed en [&hellip;]<\/p>\n","protected":false},"author":2,"featured_media":15429,"comment_status":"open","ping_status":"closed","sticky":false,"template":"","format":"standard","meta":{"_jetpack_memberships_contains_paid_content":false,"footnotes":""},"categories":[120,9],"tags":[1029,2542],"class_list":["post-15428","post","type-post","status-publish","format-standard","has-post-thumbnail","hentry","category-ciclismo","category-deportes","tag-movistar-best-pc","tag-santiago-montenegro"],"jetpack_featured_media_url":"https:\/\/radiocresatelital.com\/wp-content\/uploads\/2024\/06\/santi_montenegro_2.jpg","jetpack_sharing_enabled":true,"_links":{"self":[{"href":"https:\/\/radiocresatelital.com\/index.php?rest_route=\/wp\/v2\/posts\/15428","targetHints":{"allow":["GET"]}}],"collection":[{"href":"https:\/\/radiocresatelital.com\/index.php?rest_route=\/wp\/v2\/posts"}],"about":[{"href":"https:\/\/radiocresatelital.com\/index.php?rest_route=\/wp\/v2\/types\/post"}],"author":[{"embeddable":true,"href":"https:\/\/radiocresatelital.com\/index.php?rest_route=\/wp\/v2\/users\/2"}],"replies":[{"embeddable":true,"href":"https:\/\/radiocresatelital.com\/index.php?rest_route=%2Fwp%2Fv2%2Fcomments&post=15428"}],"version-history":[{"count":1,"href":"https:\/\/radiocresatelital.com\/index.php?rest_route=\/wp\/v2\/posts\/15428\/revisions"}],"predecessor-version":[{"id":15430,"href":"https:\/\/radiocresatelital.com\/index.php?rest_route=\/wp\/v2\/posts\/15428\/revisions\/15430"}],"wp:featuredmedia":[{"embeddable":true,"href":"https:\/\/radiocresatelital.com\/index.php?rest_route=\/wp\/v2\/media\/15429"}],"wp:attachment":[{"href":"https:\/\/radiocresatelital.com\/index.php?rest_route=%2Fwp%2Fv2%2Fmedia&parent=15428"}],"wp:term":[{"taxonomy":"category","embeddable":true,"href":"https:\/\/radiocresatelital.com\/index.php?rest_route=%2Fwp%2Fv2%2Fcategories&post=15428"},{"taxonomy":"post_tag","embeddable":true,"href":"https:\/\/radiocresatelital.com\/index.php?rest_route=%2Fwp%2Fv2%2Ftags&post=15428"}],"curies":[{"name":"wp","href":"https:\/\/api.w.org\/{rel}","templated":true}]}}