{"id":15419,"date":"2024-06-20T20:57:11","date_gmt":"2024-06-20T20:57:11","guid":{"rendered":"https:\/\/radiocresatelital.com\/?p=15419"},"modified":"2024-06-20T20:57:11","modified_gmt":"2024-06-20T20:57:11","slug":"ministerio-de-educacion-entrega-kits-escolares-y-viveres-a-la-comunidad-educativa-de-oyacachi","status":"publish","type":"post","link":"https:\/\/radiocresatelital.com\/?p=15419","title":{"rendered":"Ministerio de Educaci\u00f3n entrega kits escolares y v\u00edveres a la comunidad educativa de Oyacachi"},"content":{"rendered":"<p>Quito.- En un esfuerzo conjunto por brindar el apoyo necesario a la comunidad educativa de la parroquia Oyacachi, ubicada en la provincia de Napo, el Ministerio de Educaci\u00f3n realiz\u00f3 la entrega de kits escolares, v\u00edveres, vestimenta, agua y 1.000 litros de leche. Esta acci\u00f3n fue posible gracias a la colaboraci\u00f3n de aliados estrat\u00e9gicos.<\/p>\n<p>Mar\u00eda Bel\u00e9n Palacios, subsecretaria de Desarrollo Profesional, expres\u00f3: \u00bb Vinimos a dar todo el apoyo necesario que requiere la comunidad educativa\u00bb. Esta iniciativa permitir\u00e1 establecer una l\u00ednea base para el trabajo coordinado entre el Ministerio de Educaci\u00f3n y otras entidades del Estado, con el prop\u00f3sito de entregar el soporte requerido por la comunidad de Oyacachi.<\/p>\n<p>Ana Bel\u00e9n Tapia, coordinadora Zonal 2 de Educaci\u00f3n, destac\u00f3: \u00abHemos venido para hacer frente a esta emergencia natural. Se ha logrado traer leche, kits escolares, vestimenta y bidones de agua para entregar a la comunidad\u00bb. Adem\u00e1s, enfatiz\u00f3 el compromiso del Ministerio de Educaci\u00f3n, resaltando que la ministra ha solicitado proporcionar el apoyo necesario, reflejando el compromiso con la comunidad educativa.<\/p>\n<p>Mientras que Leonel Lascanta, rector de la Unidad Educativa Padre Rafael Ferrer, coment\u00f3: \u00abLa comunidad educativa estamos trabajando de forma no presencial con nuestros estudiantes. Agradezco este apoyo que nos permitir\u00e1 levantarnos para seguir adelante\u00bb.<\/p>\n<p>Rolando \u00c1ngel Aigaje, padre de familia, expres\u00f3 su gratitud por la gesti\u00f3n del Ministerio de Educaci\u00f3n: \u00abNo pens\u00e1bamos que algo as\u00ed podr\u00eda pasar, esto es una gran ayuda\u00bb.<\/p>\n<p>Edison Aigaje, presidente de la comunidad de Oyacachi, manifest\u00f3: \u00abAgradecemos esta ayuda ya que estamos pasando por momentos dif\u00edciles. Estamos tratando de reactivarnos gracias a la ayuda de las instituciones p\u00fablicas. Queremos salir adelante, tuvimos p\u00e9rdidas materiales, pero gracias a Dios no hubo p\u00e9rdidas humanas. Es importante la presencia de las autoridades dentro de la comunidad\u00bb.<\/p>\n<p>Con estas acciones, el Ministerio de Educaci\u00f3n reafirma su compromiso con la comunidad educativa de Oyacachi, trabajando de la mano con otras instituciones del Estado para brindar el apoyo necesario y superar juntos las adversidades.<\/p>\n<p>Al momento se ha movilizado alrededor de 1000 kits de ayuda humanitaria.<\/p>\n","protected":false},"excerpt":{"rendered":"<p>Quito.- En un esfuerzo conjunto por brindar el apoyo necesario a la comunidad educativa de la parroquia Oyacachi, ubicada en la provincia de Napo, el Ministerio de Educaci\u00f3n realiz\u00f3 la entrega de kits escolares, v\u00edveres, vestimenta, agua y 1.000 litros de leche. Esta acci\u00f3n fue posible gracias a la colaboraci\u00f3n de aliados estrat\u00e9gicos. Mar\u00eda Bel\u00e9n [&hellip;]<\/p>\n","protected":false},"author":2,"featured_media":15420,"comment_status":"open","ping_status":"closed","sticky":false,"template":"","format":"standard","meta":{"_jetpack_memberships_contains_paid_content":false,"footnotes":""},"categories":[13],"tags":[444],"class_list":["post-15419","post","type-post","status-publish","format-standard","has-post-thumbnail","hentry","category-noticias-nacionales","tag-ministerio-de-educacion"],"jetpack_featured_media_url":"https:\/\/radiocresatelital.com\/wp-content\/uploads\/2024\/06\/entraga-kits.png","jetpack_sharing_enabled":true,"_links":{"self":[{"href":"https:\/\/radiocresatelital.com\/index.php?rest_route=\/wp\/v2\/posts\/15419","targetHints":{"allow":["GET"]}}],"collection":[{"href":"https:\/\/radiocresatelital.com\/index.php?rest_route=\/wp\/v2\/posts"}],"about":[{"href":"https:\/\/radiocresatelital.com\/index.php?rest_route=\/wp\/v2\/types\/post"}],"author":[{"embeddable":true,"href":"https:\/\/radiocresatelital.com\/index.php?rest_route=\/wp\/v2\/users\/2"}],"replies":[{"embeddable":true,"href":"https:\/\/radiocresatelital.com\/index.php?rest_route=%2Fwp%2Fv2%2Fcomments&post=15419"}],"version-history":[{"count":1,"href":"https:\/\/radiocresatelital.com\/index.php?rest_route=\/wp\/v2\/posts\/15419\/revisions"}],"predecessor-version":[{"id":15421,"href":"https:\/\/radiocresatelital.com\/index.php?rest_route=\/wp\/v2\/posts\/15419\/revisions\/15421"}],"wp:featuredmedia":[{"embeddable":true,"href":"https:\/\/radiocresatelital.com\/index.php?rest_route=\/wp\/v2\/media\/15420"}],"wp:attachment":[{"href":"https:\/\/radiocresatelital.com\/index.php?rest_route=%2Fwp%2Fv2%2Fmedia&parent=15419"}],"wp:term":[{"taxonomy":"category","embeddable":true,"href":"https:\/\/radiocresatelital.com\/index.php?rest_route=%2Fwp%2Fv2%2Fcategories&post=15419"},{"taxonomy":"post_tag","embeddable":true,"href":"https:\/\/radiocresatelital.com\/index.php?rest_route=%2Fwp%2Fv2%2Ftags&post=15419"}],"curies":[{"name":"wp","href":"https:\/\/api.w.org\/{rel}","templated":true}]}}