{"id":15401,"date":"2024-06-20T19:27:47","date_gmt":"2024-06-20T19:27:47","guid":{"rendered":"https:\/\/radiocresatelital.com\/?p=15401"},"modified":"2024-06-20T19:27:47","modified_gmt":"2024-06-20T19:27:47","slug":"mies-entregara-mas-de-2-500-kits-con-ayuda-humanitaria-y-atiende-a-familias-damnificadas-por-inundaciones-y-deslaves","status":"publish","type":"post","link":"https:\/\/radiocresatelital.com\/?p=15401","title":{"rendered":"MIES entregar\u00e1 m\u00e1s de 2.500 kits con ayuda humanitaria y atiende a familias damnificadas por inundaciones y deslaves"},"content":{"rendered":"<p>Quitio.- Tras las inundaciones y deslaves que se registraron el pasado fin de semana en 13 provincias del pa\u00eds, debido al fuerte temporal invernal, la ministra de Inclusi\u00f3n Econ\u00f3mica y Social (MIES), Zaida Rovira, dispuso la activaci\u00f3n inmediata de los equipos t\u00e9cnicos de esta cartera de Estado, a fin de brindar atenci\u00f3n oportuna a las familias que resultaron damnificadas.<\/p>\n<p>Adem\u00e1s, se prev\u00e9 entregar un total de 2.569 kits con ayuda humanitaria, entre ropa, alimentos no perecibles, aseo, bioseguridad, entre otros insumos, beneficiando a 1.929 personas.<\/p>\n<p>Una de las provincias m\u00e1s afectadas fue Tungurahua, la ministra Rovira, junto a varias autoridades de otras carteras de Estado, recorri\u00f3 la zona cero y visit\u00f3 a las familias damnificadas de la parroquia Ulba, en donde se registr\u00f3 un deslave que dej\u00f3 p\u00e9rdidas humanas y varios da\u00f1os materiales. En este sector ya se entregaron 91 kits con ayuda humanitaria y se tiene previsto una entrega de 850 kits m\u00e1s.<\/p>\n<p>Adem\u00e1s, equipo t\u00e9cnico del MIES, en coordinaci\u00f3n con la Secretar\u00eda Nacional de Gesti\u00f3n de Riesgos, recorre la zona afectada para levantar informaci\u00f3n y evaluar la posibilidad de una inmediata entrega del bono de contingencia para las personas afectadas por los desastres naturales.<\/p>\n<p>La titular del MIES se\u00f1al\u00f3 que cumpliendo con la disposici\u00f3n que dio el presidente Daniel Noboa, varias<br \/>\ninstituciones de Estado se activaron de manera urgente e inmediata para atender oportuna e integralmente a todas las familias que resultaron afectadas. \u201cHemos activado todo el contingente del Gobierno Nacional para atender a los damnificados\u201d, agreg\u00f3.<\/p>\n<p>La m\u00e1xima autoridad de esta cartera de Estado tambi\u00e9n recorri\u00f3 el cant\u00f3n Penipe, en la provincia de Chimborazo, en donde constat\u00f3 las afectaciones que caus\u00f3 la creciente del r\u00edo Chambo y posteriormente se traslad\u00f3 hasta la comunidad Palitahua, para visitar a las familias damnificadas por la creciente del r\u00edo Puela.<\/p>\n<p>Por otro lado, en la provincia de Napo, equipo t\u00e9cnico del MIES atiende a las familias que resultaron afectadas por el aluvi\u00f3n y desbordamiento de las quebradas Gallo de Pe\u00f1a y San Jos\u00e9, en la parroquia Sardinas, y las inundaciones que se registraron en la parroquia Oyacachi, ambas en el cant\u00f3n El Chaco.<\/p>\n<p>En Sardinas se entregaron 42 kits con ayuda humanitaria, mientras que en Oyacachi se entregaron 200 kits y se tiene previsto la entrega de 1.378 kits m\u00e1s, durante los pr\u00f3ximos d\u00edas, para las personas damnificadas.<\/p>\n<p>La ayuda institucional tambi\u00e9n lleg\u00f3 hasta la provincia de Azuay, en donde se entregaron ocho kits a familias que resultaron afectadas por el deslave que ocurri\u00f3 en el sector Palmas de Jord\u00e1n, en el cant\u00f3n Sevilla de Oro.<\/p>\n","protected":false},"excerpt":{"rendered":"<p>Quitio.- Tras las inundaciones y deslaves que se registraron el pasado fin de semana en 13 provincias del pa\u00eds, debido al fuerte temporal invernal, la ministra de Inclusi\u00f3n Econ\u00f3mica y Social (MIES), Zaida Rovira, dispuso la activaci\u00f3n inmediata de los equipos t\u00e9cnicos de esta cartera de Estado, a fin de brindar atenci\u00f3n oportuna a las [&hellip;]<\/p>\n","protected":false},"author":2,"featured_media":15405,"comment_status":"open","ping_status":"closed","sticky":false,"template":"","format":"standard","meta":{"_jetpack_memberships_contains_paid_content":false,"footnotes":""},"categories":[13],"tags":[1949,1598],"class_list":["post-15401","post","type-post","status-publish","format-standard","has-post-thumbnail","hentry","category-noticias-nacionales","tag-ministra-de-inclusion-economica-y-social","tag-zaida-rovira"],"jetpack_featured_media_url":"https:\/\/radiocresatelital.com\/wp-content\/uploads\/2024\/06\/WhatsApp-Image-2024-06-20-at-14.08.00-1.jpeg","jetpack_sharing_enabled":true,"_links":{"self":[{"href":"https:\/\/radiocresatelital.com\/index.php?rest_route=\/wp\/v2\/posts\/15401","targetHints":{"allow":["GET"]}}],"collection":[{"href":"https:\/\/radiocresatelital.com\/index.php?rest_route=\/wp\/v2\/posts"}],"about":[{"href":"https:\/\/radiocresatelital.com\/index.php?rest_route=\/wp\/v2\/types\/post"}],"author":[{"embeddable":true,"href":"https:\/\/radiocresatelital.com\/index.php?rest_route=\/wp\/v2\/users\/2"}],"replies":[{"embeddable":true,"href":"https:\/\/radiocresatelital.com\/index.php?rest_route=%2Fwp%2Fv2%2Fcomments&post=15401"}],"version-history":[{"count":1,"href":"https:\/\/radiocresatelital.com\/index.php?rest_route=\/wp\/v2\/posts\/15401\/revisions"}],"predecessor-version":[{"id":15406,"href":"https:\/\/radiocresatelital.com\/index.php?rest_route=\/wp\/v2\/posts\/15401\/revisions\/15406"}],"wp:featuredmedia":[{"embeddable":true,"href":"https:\/\/radiocresatelital.com\/index.php?rest_route=\/wp\/v2\/media\/15405"}],"wp:attachment":[{"href":"https:\/\/radiocresatelital.com\/index.php?rest_route=%2Fwp%2Fv2%2Fmedia&parent=15401"}],"wp:term":[{"taxonomy":"category","embeddable":true,"href":"https:\/\/radiocresatelital.com\/index.php?rest_route=%2Fwp%2Fv2%2Fcategories&post=15401"},{"taxonomy":"post_tag","embeddable":true,"href":"https:\/\/radiocresatelital.com\/index.php?rest_route=%2Fwp%2Fv2%2Ftags&post=15401"}],"curies":[{"name":"wp","href":"https:\/\/api.w.org\/{rel}","templated":true}]}}