{"id":15380,"date":"2024-06-20T19:26:40","date_gmt":"2024-06-20T19:26:40","guid":{"rendered":"https:\/\/radiocresatelital.com\/?p=15380"},"modified":"2024-06-20T19:26:40","modified_gmt":"2024-06-20T19:26:40","slug":"no-pueden-declarar-incapacitado-mental-al-presidente-sin-una-certificacion-medica-asegura-andre-benavides","status":"publish","type":"post","link":"https:\/\/radiocresatelital.com\/?p=15380","title":{"rendered":"No pueden declarar incapacitado mental al presidente sin una certificaci\u00f3n m\u00e9dica, asegura Andr\u00e9 Benavides"},"content":{"rendered":"<p>#Urgente \u201c\u00a1PARA DECLARAR INCAPACITADO MENTAL AL PRESIDENTE, SE NECESITA UNA CERTIFICACI\u00d3N M\u00c9DICA, NO COMO EN LOS 90\u2019 CON LA PRUEBA DEL CD DE LOS IRACUNDOS!\u201d<\/p>\n<p>Quito.- El Abg. Constitucionalista, Andr\u00e9 Benavides, resalt\u00f3 algunos condiciones que tendr\u00edan que darse para que la Asamblea Nacional, tan siquiera pudiese considerar tratar el tema de una \u00abincapacidad mental\u00bb por parte del presidente de la Rep\u00fablica, Daniel Noboa, luego de que el periodista Jon Lee Anderson insinuara que el mandatario ecuatoriano ten\u00eda autismo.<\/p>\n<p>Para ello, marc\u00f3 la diferencia de lo ocurrido en los 90, cuando diagnosticaron como discapacitado mental, al ex presidente Abdal\u00e1 Bucaram.<\/p>\n<p>1. Requisito previo es la certificaci\u00f3n de m\u00e9dicos (IESS, MSP y Universidades). No como en los 90\u2019 con la prueba del CD de los Iracundos y la votaci\u00f3n de legisladores disfrazados de psiquiatras.<\/p>\n<p>2. Se requiere mayor\u00eda calificada de 2\/3 de la Asamblea Nacional<\/p>\n<p>Finalmente, vale la pena recordar que el autismo es una condici\u00f3n, no una incapacidad mental.<\/p>\n","protected":false},"excerpt":{"rendered":"<p>#Urgente \u201c\u00a1PARA DECLARAR INCAPACITADO MENTAL AL PRESIDENTE, SE NECESITA UNA CERTIFICACI\u00d3N M\u00c9DICA, NO COMO EN LOS 90\u2019 CON LA PRUEBA DEL CD DE LOS IRACUNDOS!\u201d Quito.- El Abg. Constitucionalista, Andr\u00e9 Benavides, resalt\u00f3 algunos condiciones que tendr\u00edan que darse para que la Asamblea Nacional, tan siquiera pudiese considerar tratar el tema de una \u00abincapacidad mental\u00bb por [&hellip;]<\/p>\n","protected":false},"author":3,"featured_media":15402,"comment_status":"open","ping_status":"closed","sticky":false,"template":"","format":"standard","meta":{"_jetpack_memberships_contains_paid_content":false,"footnotes":""},"categories":[13],"tags":[2540],"class_list":["post-15380","post","type-post","status-publish","format-standard","has-post-thumbnail","hentry","category-noticias-nacionales","tag-autismo"],"jetpack_featured_media_url":"https:\/\/radiocresatelital.com\/wp-content\/uploads\/2024\/06\/abgdo-benavides.jpg","jetpack_sharing_enabled":true,"_links":{"self":[{"href":"https:\/\/radiocresatelital.com\/index.php?rest_route=\/wp\/v2\/posts\/15380","targetHints":{"allow":["GET"]}}],"collection":[{"href":"https:\/\/radiocresatelital.com\/index.php?rest_route=\/wp\/v2\/posts"}],"about":[{"href":"https:\/\/radiocresatelital.com\/index.php?rest_route=\/wp\/v2\/types\/post"}],"author":[{"embeddable":true,"href":"https:\/\/radiocresatelital.com\/index.php?rest_route=\/wp\/v2\/users\/3"}],"replies":[{"embeddable":true,"href":"https:\/\/radiocresatelital.com\/index.php?rest_route=%2Fwp%2Fv2%2Fcomments&post=15380"}],"version-history":[{"count":1,"href":"https:\/\/radiocresatelital.com\/index.php?rest_route=\/wp\/v2\/posts\/15380\/revisions"}],"predecessor-version":[{"id":15403,"href":"https:\/\/radiocresatelital.com\/index.php?rest_route=\/wp\/v2\/posts\/15380\/revisions\/15403"}],"wp:featuredmedia":[{"embeddable":true,"href":"https:\/\/radiocresatelital.com\/index.php?rest_route=\/wp\/v2\/media\/15402"}],"wp:attachment":[{"href":"https:\/\/radiocresatelital.com\/index.php?rest_route=%2Fwp%2Fv2%2Fmedia&parent=15380"}],"wp:term":[{"taxonomy":"category","embeddable":true,"href":"https:\/\/radiocresatelital.com\/index.php?rest_route=%2Fwp%2Fv2%2Fcategories&post=15380"},{"taxonomy":"post_tag","embeddable":true,"href":"https:\/\/radiocresatelital.com\/index.php?rest_route=%2Fwp%2Fv2%2Ftags&post=15380"}],"curies":[{"name":"wp","href":"https:\/\/api.w.org\/{rel}","templated":true}]}}