{"id":15377,"date":"2024-06-20T15:25:04","date_gmt":"2024-06-20T15:25:04","guid":{"rendered":"https:\/\/radiocresatelital.com\/?p=15377"},"modified":"2024-06-20T15:25:04","modified_gmt":"2024-06-20T15:25:04","slug":"decenas-de-anos-de-falta-de-mantenimiento-en-redes-de-transmision-dejo-sin-luz-a-los-18-millones-de-ecuatorianos","status":"publish","type":"post","link":"https:\/\/radiocresatelital.com\/?p=15377","title":{"rendered":"Decenas de a\u00f1os de falta de mantenimiento en redes de transmisi\u00f3n, dej\u00f3 sin luz a los 18 millones de ecuatorianos"},"content":{"rendered":"<p>Quito.- El Ministro de Energ\u00eda y Minas encargado, Roberto Luque, explic\u00f3 al pa\u00eds que el corte de energ\u00eda que dej\u00f3 sin luz a todo el pa\u00eds ayer, de manera inesperada, \u00abes una muestra m\u00e1s de la falta de mantenimiento que estamos viviendo\u00bb y obedece a la falta de inversi\u00f3n en transmisi\u00f3n.<\/p>\n<p>El ministro cuestion\u00f3 si esto se pod\u00eda haber evitado y se respondi\u00f3 as\u00ed mismo que efectivamente se pudo haber evitado, pero que no se cumpli\u00f3 un plan de inversi\u00f3n que arrancaba desde el 2004, el cual preven\u00eda y preve\u00eda la compra e instalaci\u00f3n de equipos de protecci\u00f3n a los sistemas de transmisi\u00f3n el\u00e9ctrica.<\/p>\n<p>Luque, dijo que esta clase de cortes no se daba desde el 2002, pero seg\u00fan investigaciones del diario Primicias, el \u00faltimo apag\u00f3n de este tipo fue en el 2016.<\/p>\n<p>Lo cierto es que, ahora la amenaza de apagones no solo es por parte de la generaci\u00f3n ineficiente, sino tambi\u00e9n por la falta de inversi\u00f3n en la transmisi\u00f3n. Es importante recordar que hace pocas semanas en Guayaquil hubo un corte de energ\u00eda en varios sectores de la ciudad, pero fue por falta de mantenimiento en la distribuci\u00f3n.<\/p>\n<p>&nbsp;<\/p>\n","protected":false},"excerpt":{"rendered":"<p>Quito.- El Ministro de Energ\u00eda y Minas encargado, Roberto Luque, explic\u00f3 al pa\u00eds que el corte de energ\u00eda que dej\u00f3 sin luz a todo el pa\u00eds ayer, de manera inesperada, \u00abes una muestra m\u00e1s de la falta de mantenimiento que estamos viviendo\u00bb y obedece a la falta de inversi\u00f3n en transmisi\u00f3n. El ministro cuestion\u00f3 si [&hellip;]<\/p>\n","protected":false},"author":3,"featured_media":14364,"comment_status":"open","ping_status":"closed","sticky":false,"template":"","format":"standard","meta":{"_jetpack_memberships_contains_paid_content":false,"footnotes":""},"categories":[13],"tags":[2538],"class_list":["post-15377","post","type-post","status-publish","format-standard","has-post-thumbnail","hentry","category-noticias-nacionales","tag-apagones"],"jetpack_featured_media_url":"https:\/\/radiocresatelital.com\/wp-content\/uploads\/2024\/05\/roberto-luque-ministro-transporte-1.jpg","jetpack_sharing_enabled":true,"_links":{"self":[{"href":"https:\/\/radiocresatelital.com\/index.php?rest_route=\/wp\/v2\/posts\/15377","targetHints":{"allow":["GET"]}}],"collection":[{"href":"https:\/\/radiocresatelital.com\/index.php?rest_route=\/wp\/v2\/posts"}],"about":[{"href":"https:\/\/radiocresatelital.com\/index.php?rest_route=\/wp\/v2\/types\/post"}],"author":[{"embeddable":true,"href":"https:\/\/radiocresatelital.com\/index.php?rest_route=\/wp\/v2\/users\/3"}],"replies":[{"embeddable":true,"href":"https:\/\/radiocresatelital.com\/index.php?rest_route=%2Fwp%2Fv2%2Fcomments&post=15377"}],"version-history":[{"count":1,"href":"https:\/\/radiocresatelital.com\/index.php?rest_route=\/wp\/v2\/posts\/15377\/revisions"}],"predecessor-version":[{"id":15378,"href":"https:\/\/radiocresatelital.com\/index.php?rest_route=\/wp\/v2\/posts\/15377\/revisions\/15378"}],"wp:featuredmedia":[{"embeddable":true,"href":"https:\/\/radiocresatelital.com\/index.php?rest_route=\/wp\/v2\/media\/14364"}],"wp:attachment":[{"href":"https:\/\/radiocresatelital.com\/index.php?rest_route=%2Fwp%2Fv2%2Fmedia&parent=15377"}],"wp:term":[{"taxonomy":"category","embeddable":true,"href":"https:\/\/radiocresatelital.com\/index.php?rest_route=%2Fwp%2Fv2%2Fcategories&post=15377"},{"taxonomy":"post_tag","embeddable":true,"href":"https:\/\/radiocresatelital.com\/index.php?rest_route=%2Fwp%2Fv2%2Ftags&post=15377"}],"curies":[{"name":"wp","href":"https:\/\/api.w.org\/{rel}","templated":true}]}}