{"id":15357,"date":"2024-06-19T20:04:17","date_gmt":"2024-06-19T20:04:17","guid":{"rendered":"https:\/\/radiocresatelital.com\/?p=15357"},"modified":"2024-06-19T20:04:17","modified_gmt":"2024-06-19T20:04:17","slug":"alba-se-mantiene-en-el-top-20-y-lopez-abandona-la-vuelta","status":"publish","type":"post","link":"https:\/\/radiocresatelital.com\/?p=15357","title":{"rendered":"Alba se mantiene en el \u2018top 20\u2019 y L\u00f3pez abandona la Vuelta"},"content":{"rendered":"<p>Cali.- Juan Diego Alba recuper\u00f3 una posici\u00f3n en la clasificaci\u00f3n general de la Vuelta a Colombia; mientras que, Mateo L\u00f3pez abandon\u00f3 la carrera, despu\u00e9s de una ca\u00edda que sufri\u00f3 en la quinta etapa que cubri\u00f3 Manizales y Buga, despu\u00e9s de 195.6.<\/p>\n<p>Alba se mantiene a 4:51, del l\u00edder general, Rodrigo Contreras, pero ahora en d\u00e9cimo s\u00e9ptimo lugar. El pedalista de Tuta, Boyac\u00e1, a\u00fan aspira ingresar al \u2018top 10\u2019, en las cuatro jornadas restantes.<\/p>\n<p>L\u00f3pez, de 19 a\u00f1os, tuvo que abandonar la competencia, despu\u00e9s de una ca\u00edda que \u201csolo le gener\u00f3 unos raspones\u201d, como dijo el ciclista imbabure\u00f1o.<\/p>\n<p>Santiago Montenegro, que visti\u00f3 la camiseta de l\u00edder de la monta\u00f1a en las dos etapas iniciales, fue protagonista en la fuga del d\u00eda. El \u2018Santy\u2019 ocupa el puesto 72 de la clasificaci\u00f3n general.<\/p>\n<p>La sexta fracci\u00f3n se cumple este jueves entre los departamentos del Valle del Cauca (Buga), y Risaralda (Ap\u00eda), en una distancia de 173.3 kil\u00f3metros.<\/p>\n<p><strong>Vuelta a Colombia<\/strong><\/p>\n<p><strong>Clasificaci\u00f3n general<\/strong><\/p>\n<p>1.- Rodrigo Contreras\u00a0\u00a0\u00a0\u00a0\u00a0\u00a0\u00a0\u00a0\u00a0\u00a0\u00a0\u00a0\u00a0\u00a0\u00a0\u00a0\u00a0\u00a0\u00a0\u00a0\u00a0\u00a0\u00a0\u00a0\u00a0\u00a0\u00a0\u00a0 19:40:13<\/p>\n<p>17.- Juan Alba\u00a0\u00a0\u00a0\u00a0\u00a0\u00a0\u00a0\u00a0\u00a0\u00a0\u00a0\u00a0\u00a0\u00a0\u00a0\u00a0\u00a0\u00a0\u00a0\u00a0\u00a0\u00a0\u00a0\u00a0\u00a0\u00a0\u00a0\u00a0\u00a0\u00a0\u00a0\u00a0\u00a0\u00a0\u00a0\u00a0\u00a0\u00a0\u00a0\u00a0 \u00a0\u00a0 a 4:51<\/p>\n<p>35.- Brayan Obando\u00a0\u00a0\u00a0\u00a0\u00a0\u00a0\u00a0\u00a0\u00a0\u00a0\u00a0\u00a0\u00a0\u00a0\u00a0\u00a0\u00a0\u00a0\u00a0\u00a0\u00a0\u00a0\u00a0\u00a0\u00a0\u00a0\u00a0\u00a0\u00a0\u00a0 \u00a0\u00a0 a 24:18<\/p>\n<p>72.- Santiago Montenegro\u00a0\u00a0\u00a0\u00a0\u00a0\u00a0\u00a0\u00a0\u00a0\u00a0\u00a0\u00a0\u00a0\u00a0\u00a0\u00a0\u00a0\u00a0\u00a0\u00a0 \u00a0\u00a0 a 1:03:40<\/p>\n<p>90.- Richard Huera\u00a0\u00a0\u00a0\u00a0\u00a0\u00a0\u00a0\u00a0\u00a0\u00a0\u00a0\u00a0\u00a0\u00a0\u00a0\u00a0\u00a0\u00a0\u00a0\u00a0\u00a0\u00a0\u00a0\u00a0\u00a0\u00a0\u00a0\u00a0\u00a0\u00a0\u00a0\u00a0 \u00a0\u00a0 a 1:14:36<\/p>\n<p>105.- Pablo Caicedo\u00a0\u00a0\u00a0\u00a0\u00a0\u00a0\u00a0\u00a0\u00a0\u00a0\u00a0\u00a0\u00a0\u00a0\u00a0\u00a0\u00a0\u00a0\u00a0\u00a0\u00a0 \u00a0\u00a0\u00a0\u00a0\u00a0\u00a0\u00a0 \u00a0\u00a0\u00a0a 1:22:56<\/p>\n<p>111.- Bayron Guam\u00e1\u00a0\u00a0\u00a0\u00a0\u00a0\u00a0\u00a0\u00a0\u00a0\u00a0\u00a0\u00a0\u00a0\u00a0\u00a0\u00a0\u00a0\u00a0\u00a0\u00a0\u00a0\u00a0\u00a0\u00a0\u00a0\u00a0\u00a0\u00a0\u00a0 \u00a0\u00a0 a 1:30:24<\/p>\n","protected":false},"excerpt":{"rendered":"<p>Cali.- Juan Diego Alba recuper\u00f3 una posici\u00f3n en la clasificaci\u00f3n general de la Vuelta a Colombia; mientras que, Mateo L\u00f3pez abandon\u00f3 la carrera, despu\u00e9s de una ca\u00edda que sufri\u00f3 en la quinta etapa que cubri\u00f3 Manizales y Buga, despu\u00e9s de 195.6. Alba se mantiene a 4:51, del l\u00edder general, Rodrigo Contreras, pero ahora en d\u00e9cimo [&hellip;]<\/p>\n","protected":false},"author":2,"featured_media":15358,"comment_status":"open","ping_status":"closed","sticky":false,"template":"","format":"standard","meta":{"_jetpack_memberships_contains_paid_content":false,"footnotes":""},"categories":[120,9],"tags":[2537,2513],"class_list":["post-15357","post","type-post","status-publish","format-standard","has-post-thumbnail","hentry","category-ciclismo","category-deportes","tag-juan-diego-alba","tag-vuelta-a-colombia"],"jetpack_featured_media_url":"https:\/\/radiocresatelital.com\/wp-content\/uploads\/2024\/06\/alba-700x391-1.jpg","jetpack_sharing_enabled":true,"_links":{"self":[{"href":"https:\/\/radiocresatelital.com\/index.php?rest_route=\/wp\/v2\/posts\/15357","targetHints":{"allow":["GET"]}}],"collection":[{"href":"https:\/\/radiocresatelital.com\/index.php?rest_route=\/wp\/v2\/posts"}],"about":[{"href":"https:\/\/radiocresatelital.com\/index.php?rest_route=\/wp\/v2\/types\/post"}],"author":[{"embeddable":true,"href":"https:\/\/radiocresatelital.com\/index.php?rest_route=\/wp\/v2\/users\/2"}],"replies":[{"embeddable":true,"href":"https:\/\/radiocresatelital.com\/index.php?rest_route=%2Fwp%2Fv2%2Fcomments&post=15357"}],"version-history":[{"count":1,"href":"https:\/\/radiocresatelital.com\/index.php?rest_route=\/wp\/v2\/posts\/15357\/revisions"}],"predecessor-version":[{"id":15359,"href":"https:\/\/radiocresatelital.com\/index.php?rest_route=\/wp\/v2\/posts\/15357\/revisions\/15359"}],"wp:featuredmedia":[{"embeddable":true,"href":"https:\/\/radiocresatelital.com\/index.php?rest_route=\/wp\/v2\/media\/15358"}],"wp:attachment":[{"href":"https:\/\/radiocresatelital.com\/index.php?rest_route=%2Fwp%2Fv2%2Fmedia&parent=15357"}],"wp:term":[{"taxonomy":"category","embeddable":true,"href":"https:\/\/radiocresatelital.com\/index.php?rest_route=%2Fwp%2Fv2%2Fcategories&post=15357"},{"taxonomy":"post_tag","embeddable":true,"href":"https:\/\/radiocresatelital.com\/index.php?rest_route=%2Fwp%2Fv2%2Ftags&post=15357"}],"curies":[{"name":"wp","href":"https:\/\/api.w.org\/{rel}","templated":true}]}}