{"id":15314,"date":"2024-06-18T22:35:49","date_gmt":"2024-06-18T22:35:49","guid":{"rendered":"https:\/\/radiocresatelital.com\/?p=15314"},"modified":"2024-06-18T22:35:49","modified_gmt":"2024-06-18T22:35:49","slug":"viceministro-de-gobierno-lidera-encuentros-con-representantes-de-los-sectores-minero-y-petrolero","status":"publish","type":"post","link":"https:\/\/radiocresatelital.com\/?p=15314","title":{"rendered":"Viceministro de Gobierno lidera encuentros con representantes de los sectores minero y petrolero"},"content":{"rendered":"<p>Quito.-\u00a0El viceministro de Gobierno, Esteban Torres, lider\u00f3 encuentros con empresas de las industrias petrolera y minera que operan en el pa\u00eds, con el prop\u00f3sito de facilitar la colaboraci\u00f3n entre el Estado y estos sectores.<\/p>\n<p>\u201cEstos di\u00e1logos buscan coordinar y facilitar la colaboraci\u00f3n estrat\u00e9gica, desarrollar pol\u00edticas y pr\u00e1cticas conjuntas que impulsen el crecimiento econ\u00f3mico sostenible, la responsabilidad medio ambiental y el bienestar social del pa\u00eds\u201d, manifest\u00f3 el viceministro Esteban Torres.<\/p>\n<p>Este martes la reuni\u00f3n fue con representantes de la industria minera, mientras que ayer le correspondi\u00f3 al sector petrolero.<\/p>\n<p>En ambas citas, el viceministro hizo un repaso del momento pol\u00edtico que vive el pa\u00eds, adem\u00e1s destac\u00f3 varios logros alcanzados por el Gobierno Nacional como la aprobaci\u00f3n de cinco leyes en materia econ\u00f3mica en la Asamblea Nacional y la lucha contra el crimen organizado.<\/p>\n<p>En este marco, calific\u00f3 de exitoso el operativo contra la miner\u00eda ilegal ejecutado entre las Fuerzas Armadas y la Polic\u00eda Nacional, que se realiz\u00f3 esta v\u00edspera en la comunidad Bella Rica del cant\u00f3n Ponce Enr\u00edquez, en Azuay.<\/p>\n<p>Con estas acciones se ratifica la decisi\u00f3n del presidente de la Rep\u00fablica, Daniel Noboa, de impulsar la actividad minera legal para atraer una fuerte inyecci\u00f3n de recursos econ\u00f3micos que contribuir\u00e1n a mejorar la econom\u00eda del pa\u00eds, apunt\u00f3 el viceministro.<\/p>\n<p>A su turno, representantes de las industrias petrolera y minera se\u00f1alaron la importancia de estos di\u00e1logos con el Gobierno Nacional sobre los desaf\u00edos y oportunidades que enfrentan estas actividades.<\/p>\n","protected":false},"excerpt":{"rendered":"<p>Quito.-\u00a0El viceministro de Gobierno, Esteban Torres, lider\u00f3 encuentros con empresas de las industrias petrolera y minera que operan en el pa\u00eds, con el prop\u00f3sito de facilitar la colaboraci\u00f3n entre el Estado y estos sectores. \u201cEstos di\u00e1logos buscan coordinar y facilitar la colaboraci\u00f3n estrat\u00e9gica, desarrollar pol\u00edticas y pr\u00e1cticas conjuntas que impulsen el crecimiento econ\u00f3mico sostenible, la [&hellip;]<\/p>\n","protected":false},"author":2,"featured_media":15315,"comment_status":"open","ping_status":"closed","sticky":false,"template":"","format":"standard","meta":{"_jetpack_memberships_contains_paid_content":false,"footnotes":""},"categories":[13],"tags":[1714,1715],"class_list":["post-15314","post","type-post","status-publish","format-standard","has-post-thumbnail","hentry","category-noticias-nacionales","tag-esteban-torres","tag-viceministro-de-gobierno"],"jetpack_featured_media_url":"https:\/\/radiocresatelital.com\/wp-content\/uploads\/2024\/06\/WhatsApp-Image-2024-06-18-at-3.29.38-PM.jpeg","jetpack_sharing_enabled":true,"_links":{"self":[{"href":"https:\/\/radiocresatelital.com\/index.php?rest_route=\/wp\/v2\/posts\/15314","targetHints":{"allow":["GET"]}}],"collection":[{"href":"https:\/\/radiocresatelital.com\/index.php?rest_route=\/wp\/v2\/posts"}],"about":[{"href":"https:\/\/radiocresatelital.com\/index.php?rest_route=\/wp\/v2\/types\/post"}],"author":[{"embeddable":true,"href":"https:\/\/radiocresatelital.com\/index.php?rest_route=\/wp\/v2\/users\/2"}],"replies":[{"embeddable":true,"href":"https:\/\/radiocresatelital.com\/index.php?rest_route=%2Fwp%2Fv2%2Fcomments&post=15314"}],"version-history":[{"count":1,"href":"https:\/\/radiocresatelital.com\/index.php?rest_route=\/wp\/v2\/posts\/15314\/revisions"}],"predecessor-version":[{"id":15316,"href":"https:\/\/radiocresatelital.com\/index.php?rest_route=\/wp\/v2\/posts\/15314\/revisions\/15316"}],"wp:featuredmedia":[{"embeddable":true,"href":"https:\/\/radiocresatelital.com\/index.php?rest_route=\/wp\/v2\/media\/15315"}],"wp:attachment":[{"href":"https:\/\/radiocresatelital.com\/index.php?rest_route=%2Fwp%2Fv2%2Fmedia&parent=15314"}],"wp:term":[{"taxonomy":"category","embeddable":true,"href":"https:\/\/radiocresatelital.com\/index.php?rest_route=%2Fwp%2Fv2%2Fcategories&post=15314"},{"taxonomy":"post_tag","embeddable":true,"href":"https:\/\/radiocresatelital.com\/index.php?rest_route=%2Fwp%2Fv2%2Ftags&post=15314"}],"curies":[{"name":"wp","href":"https:\/\/api.w.org\/{rel}","templated":true}]}}