{"id":15305,"date":"2024-06-18T22:16:32","date_gmt":"2024-06-18T22:16:32","guid":{"rendered":"https:\/\/radiocresatelital.com\/?p=15305"},"modified":"2024-06-18T22:16:32","modified_gmt":"2024-06-18T22:16:32","slug":"grupo-de-prevencion-de-delito-refuerza-medidas-de-seguridad-a-los-comerciantes-de-la-calle-ayacucho","status":"publish","type":"post","link":"https:\/\/radiocresatelital.com\/?p=15305","title":{"rendered":"Grupo de prevenci\u00f3n de delito refuerza medidas de seguridad a los comerciantes de la calle ayacucho"},"content":{"rendered":"<p>Guayaquil.- La primera autoridad de la provincia del Guayas, Vicente Auad, reafirm\u00f3 su compromiso con la seguridad ciudadana al recorrer, junto a la Polic\u00eda Nacional y los comerciantes de repuestos automotrices de la calle Ayacucho, este sector y constatar el trabajo que realiza el Grupo de Prevenci\u00f3n del Delito de la Polic\u00eda Nacional. Durante este encuentro, se abordaron los principales desaf\u00edos en materia de seguridad que enfrenta esta comunidad y se discutieron estrategias para fortalecer la protecci\u00f3n de los ciudadanos.<\/p>\n<p>El representante del Ejecutivo destac\u00f3 la importancia de escuchar de primera mano las preocupaciones de los comerciantes, \u00abestamos aqu\u00ed junto a la Polic\u00eda Nacional para escuchar, actuar y resolver. La seguridad de nuestros ciudadanos es una prioridad innegociable\u00bb, afirm\u00f3 Auad.<\/p>\n<p>Los comerciantes, a su vez, agradecieron la apertura al di\u00e1logo y la disposici\u00f3n del Gobernador para abordar estos problemas de manera directa y efectiva. El subcomandante de la zona 8, coronel Pablo Ramos explic\u00f3 que una de las medidas que se est\u00e1n ejecutando en la zona, es la intervenci\u00f3n del Grupo de Prevenci\u00f3n de delito, que est\u00e1n patrullando en la calle Ayacucho y en el sector de la Bah\u00eda y comercial de Guayaquil.<\/p>\n<p>En el marco de su visita, el gobernador Auad, tambi\u00e9n verific\u00f3 el avance de la construcci\u00f3n de la Unidad de Polic\u00eda Comunitaria (UPC) ubicada en las calles Pedro Pablo G\u00f3mez y Los R\u00edos, conocida como UPC Garay. Este proyecto es vital para mejorar la seguridad en la zona, est\u00e1 en proceso de reestructuraci\u00f3n y se espera que su finalizaci\u00f3n brinde una mayor presencia policial y respuesta r\u00e1pida a los incidentes delictivos. \u00abLa culminaci\u00f3n de esta obra es fundamental para fortalecer la red de seguridad en nuestros barrios\u00bb, enfatiz\u00f3 Auad.<\/p>\n<p>Asimismo, el coronel Ramos subray\u00f3 que no solo la UPC Garay est\u00e1 siendo reforzada, sino que otras Unidades de Polic\u00eda Comunitaria en la Zona 8 tambi\u00e9n est\u00e1n en proceso de reestructuraci\u00f3n. \u00abLas unidades est\u00e1n siendo rehabilitadas por el Ministerio del Interior para ubicar nuevamente personal policial en esas \u00e1reas, es el compromiso de la Polic\u00eda Nacional. Estamos en territorio, trabajando articuladamente con las autoridades\u00bb, recalc\u00f3.<\/p>\n<p>Esta iniciativa forma parte de una serie de acciones que la Gobernaci\u00f3n del Guayas est\u00e1 implementando para mejorar la seguridad en la provincia, reafirmando as\u00ed el compromiso de trabajar de la mano con la comunidad y las fuerzas del orden para garantizar un entorno seguro y protegido para todos.<\/p>\n","protected":false},"excerpt":{"rendered":"<p>Guayaquil.- La primera autoridad de la provincia del Guayas, Vicente Auad, reafirm\u00f3 su compromiso con la seguridad ciudadana al recorrer, junto a la Polic\u00eda Nacional y los comerciantes de repuestos automotrices de la calle Ayacucho, este sector y constatar el trabajo que realiza el Grupo de Prevenci\u00f3n del Delito de la Polic\u00eda Nacional. Durante este [&hellip;]<\/p>\n","protected":false},"author":2,"featured_media":15306,"comment_status":"open","ping_status":"closed","sticky":false,"template":"","format":"standard","meta":{"_jetpack_memberships_contains_paid_content":false,"footnotes":""},"categories":[13],"tags":[964,2439],"class_list":["post-15305","post","type-post","status-publish","format-standard","has-post-thumbnail","hentry","category-noticias-nacionales","tag-gobernacion-del-guayas","tag-gobernador-vicente-auad"],"jetpack_featured_media_url":"https:\/\/radiocresatelital.com\/wp-content\/uploads\/2024\/06\/508de163-2267-492a-86d7-c912e3db9cf2.jpeg","jetpack_sharing_enabled":true,"_links":{"self":[{"href":"https:\/\/radiocresatelital.com\/index.php?rest_route=\/wp\/v2\/posts\/15305","targetHints":{"allow":["GET"]}}],"collection":[{"href":"https:\/\/radiocresatelital.com\/index.php?rest_route=\/wp\/v2\/posts"}],"about":[{"href":"https:\/\/radiocresatelital.com\/index.php?rest_route=\/wp\/v2\/types\/post"}],"author":[{"embeddable":true,"href":"https:\/\/radiocresatelital.com\/index.php?rest_route=\/wp\/v2\/users\/2"}],"replies":[{"embeddable":true,"href":"https:\/\/radiocresatelital.com\/index.php?rest_route=%2Fwp%2Fv2%2Fcomments&post=15305"}],"version-history":[{"count":1,"href":"https:\/\/radiocresatelital.com\/index.php?rest_route=\/wp\/v2\/posts\/15305\/revisions"}],"predecessor-version":[{"id":15307,"href":"https:\/\/radiocresatelital.com\/index.php?rest_route=\/wp\/v2\/posts\/15305\/revisions\/15307"}],"wp:featuredmedia":[{"embeddable":true,"href":"https:\/\/radiocresatelital.com\/index.php?rest_route=\/wp\/v2\/media\/15306"}],"wp:attachment":[{"href":"https:\/\/radiocresatelital.com\/index.php?rest_route=%2Fwp%2Fv2%2Fmedia&parent=15305"}],"wp:term":[{"taxonomy":"category","embeddable":true,"href":"https:\/\/radiocresatelital.com\/index.php?rest_route=%2Fwp%2Fv2%2Fcategories&post=15305"},{"taxonomy":"post_tag","embeddable":true,"href":"https:\/\/radiocresatelital.com\/index.php?rest_route=%2Fwp%2Fv2%2Ftags&post=15305"}],"curies":[{"name":"wp","href":"https:\/\/api.w.org\/{rel}","templated":true}]}}