{"id":15293,"date":"2024-06-18T21:34:24","date_gmt":"2024-06-18T21:34:24","guid":{"rendered":"https:\/\/radiocresatelital.com\/?p=15293"},"modified":"2024-06-18T21:34:24","modified_gmt":"2024-06-18T21:34:24","slug":"ministro-del-deporte-otorga-personeria-juridica-y-aprueba-estatutos-de-la-federacion-ecuatoriana-de-cheerleading","status":"publish","type":"post","link":"https:\/\/radiocresatelital.com\/?p=15293","title":{"rendered":"Ministro del Deporte otorga personer\u00eda jur\u00eddica y aprueba estatutos de la Federaci\u00f3n Ecuatoriana de Cheerleading"},"content":{"rendered":"<p>Quito.- En un evento celebrado en el Ministerio del Deporte, el Ministro Andr\u00e9s Guschmer entreg\u00f3 oficialmente la personer\u00eda jur\u00eddica y aprob\u00f3 los estatutos de la Federaci\u00f3n Ecuatoriana de Cheerleading (FECH) a la Presidenta Pamela Chang Esteves. La entrega de los estatutos simboliza un hito importante para el cheerleading en Ecuador, proporcionando un marco legal y organizativo que permitir\u00e1 el crecimiento y la profesionalizaci\u00f3n de este deporte en el pa\u00eds.<\/p>\n<p>Con este reconocimiento, la FECH podr\u00e1 organizar y coordinar eventos a nivel nacional, fomentar la formaci\u00f3n de nuevos clubes y garantizar la participaci\u00f3n de los deportistas en competencias internacionales. Este desarrollo no solo beneficiar\u00e1 a los atletas, sino que tambi\u00e9n impulsar\u00e1 a los entrenadores, jueces y todos los involucrados en la comunidad de cheerleading en Ecuador.<\/p>\n<p>Durante su discurso, el Ministro Guschmer afirm\u00f3: \u00abLa creaci\u00f3n de la Federaci\u00f3n Ecuatoriana de Cheerleading es un paso crucial para el fortalecimiento de este deporte en nuestro pa\u00eds. Estamos comprometidos en apoyar a nuestros deportistas y asegurar que tengan todas las oportunidades para destacar a nivel internacional. Felicitamos a todos los que han contribuido a este logro\u00bb.<\/p>\n<p>Asimismo, el Ministro destac\u00f3: \u00abEste reconocimiento no solo abre nuevas puertas para nuestros atletas, sino que tambi\u00e9n establece un est\u00e1ndar de excelencia y profesionalismo que elevar\u00e1 el nivel de competencia y preparaci\u00f3n en el cheerleading ecuatoriano\u00bb.<\/p>\n<p>Por su parte, la Presidenta Pamela Chang Esteves expres\u00f3 su gratitud: \u00abRecibir la personer\u00eda jur\u00eddica es un sue\u00f1o cumplido para todos los que hemos trabajado incansablemente en el cheerleading en Ecuador. Ahora, con una estructura formal, podemos avanzar hacia nuevas metas y ofrecer m\u00e1s y mejores oportunidades a nuestros deportistas. Agradecemos al Ministerio del Deporte por su invaluable apoyo\u00bb.<\/p>\n<p>Chang a\u00f1adi\u00f3: \u00abEsta formalizaci\u00f3n nos permitir\u00e1 acceder a mayores recursos y apoyo, lo cual es esencial para el desarrollo de nuestros atletas y para llevar a Ecuador al siguiente nivel en el escenario internacional de cheerleading\u00bb.<\/p>\n<p>La Federaci\u00f3n Ecuatoriana de Cheerleading tiene como objetivos principales la promoci\u00f3n y desarrollo del cheerleading en todo el pa\u00eds, la organizaci\u00f3n de campeonatos nacionales e internacionales, y la formaci\u00f3n continua de atletas y entrenadores. La personer\u00eda jur\u00eddica permitir\u00e1 a la FECH gestionar recursos de manera m\u00e1s eficiente y asegurar la participaci\u00f3n de sus miembros en eventos globales.<\/p>\n<p>Con la creaci\u00f3n de la FECH, se espera un incremento en el n\u00famero de clubes y equipos a nivel nacional, as\u00ed como una mayor visibilidad y reconocimiento del cheerleading como un deporte de alto rendimiento en Ecuador.<\/p>\n<p>El Ministerio del Deporte reafirma su compromiso de apoyar iniciativas que promuevan el deporte y la actividad f\u00edsica en todas sus formas, contribuyendo as\u00ed al bienestar y desarrollo integral de la juventud ecuatoriana.<\/p>\n","protected":false},"excerpt":{"rendered":"<p>Quito.- En un evento celebrado en el Ministerio del Deporte, el Ministro Andr\u00e9s Guschmer entreg\u00f3 oficialmente la personer\u00eda jur\u00eddica y aprob\u00f3 los estatutos de la Federaci\u00f3n Ecuatoriana de Cheerleading (FECH) a la Presidenta Pamela Chang Esteves. La entrega de los estatutos simboliza un hito importante para el cheerleading en Ecuador, proporcionando un marco legal y [&hellip;]<\/p>\n","protected":false},"author":2,"featured_media":15294,"comment_status":"open","ping_status":"closed","sticky":false,"template":"","format":"standard","meta":{"_jetpack_memberships_contains_paid_content":false,"footnotes":""},"categories":[9],"tags":[2529,169],"class_list":["post-15293","post","type-post","status-publish","format-standard","has-post-thumbnail","hentry","category-deportes","tag-federacion-ecuatoriana-de-cheerleading","tag-ministerio-del-deporte"],"jetpack_featured_media_url":"https:\/\/radiocresatelital.com\/wp-content\/uploads\/2024\/06\/e8dba3c2-cb49-4745-9131-c84f269a5c9a-1536x1024-1.jpeg","jetpack_sharing_enabled":true,"_links":{"self":[{"href":"https:\/\/radiocresatelital.com\/index.php?rest_route=\/wp\/v2\/posts\/15293","targetHints":{"allow":["GET"]}}],"collection":[{"href":"https:\/\/radiocresatelital.com\/index.php?rest_route=\/wp\/v2\/posts"}],"about":[{"href":"https:\/\/radiocresatelital.com\/index.php?rest_route=\/wp\/v2\/types\/post"}],"author":[{"embeddable":true,"href":"https:\/\/radiocresatelital.com\/index.php?rest_route=\/wp\/v2\/users\/2"}],"replies":[{"embeddable":true,"href":"https:\/\/radiocresatelital.com\/index.php?rest_route=%2Fwp%2Fv2%2Fcomments&post=15293"}],"version-history":[{"count":1,"href":"https:\/\/radiocresatelital.com\/index.php?rest_route=\/wp\/v2\/posts\/15293\/revisions"}],"predecessor-version":[{"id":15295,"href":"https:\/\/radiocresatelital.com\/index.php?rest_route=\/wp\/v2\/posts\/15293\/revisions\/15295"}],"wp:featuredmedia":[{"embeddable":true,"href":"https:\/\/radiocresatelital.com\/index.php?rest_route=\/wp\/v2\/media\/15294"}],"wp:attachment":[{"href":"https:\/\/radiocresatelital.com\/index.php?rest_route=%2Fwp%2Fv2%2Fmedia&parent=15293"}],"wp:term":[{"taxonomy":"category","embeddable":true,"href":"https:\/\/radiocresatelital.com\/index.php?rest_route=%2Fwp%2Fv2%2Fcategories&post=15293"},{"taxonomy":"post_tag","embeddable":true,"href":"https:\/\/radiocresatelital.com\/index.php?rest_route=%2Fwp%2Fv2%2Ftags&post=15293"}],"curies":[{"name":"wp","href":"https:\/\/api.w.org\/{rel}","templated":true}]}}