{"id":1527,"date":"2023-07-25T20:58:14","date_gmt":"2023-07-25T20:58:14","guid":{"rendered":"https:\/\/radiocresatelital.com\/?p=1527"},"modified":"2023-07-25T20:58:14","modified_gmt":"2023-07-25T20:58:14","slug":"ecuador-ante-uruguay-en-el-inicio-de-la-bjkc-grupo-ii-de-america","status":"publish","type":"post","link":"https:\/\/radiocresatelital.com\/?p=1527","title":{"rendered":"Ecuador ante Uruguay en el inicio de la BJKC Grupo II de Am\u00e9rica"},"content":{"rendered":"<p>Rep\u00fablica Dominicana.- Ecuador debutar\u00e1 ante Uruguay en el inicio de la Billie Jean King Cup Zona Americana II (denominada la Copa Davis Femenina), en Santo Domingo, Rep\u00fablica Dominicana, que se desarrollar\u00e1 del 26 al 29 de julio.<\/p>\n<p>Por el Grupo A, donde tambi\u00e9n estar\u00e1n Rep\u00fablica Dominicana y Honduras, ecuatorianas y uruguayas se enfrentar\u00e1n este mi\u00e9rcoles 08h30 (hora de Ecuador), en la que ser\u00e1 una de las series m\u00e1s disputadas de este grupo. El Grupo B lo integran: Paraguay, Venezuela, Bahamas y Costa Rica.<\/p>\n<p>El equipo ecuatoriano, capitaneado por Ra\u00fal Viver, est\u00e1 conformado por Mell Reasco, Camila Romero, Tania Andrade, Valeska San Mart\u00edn y Valentina Ponce.<\/p>\n<p>\u201cEl equipo ha venido con muchos d\u00edas de anticipaci\u00f3n, abrimos el Grupo con Uruguay que es el sembrado n\u00famero 1. Es un partido importante, esperamos iniciar con pie firme y dar ese primer paso que de lo que queremos que es ascender a la Zona I. En el transcurso del d\u00eda estaremos definiendo las singlistas y doblistas para este debut\u201d, indic\u00f3 Ra\u00fal Viver, que es capit\u00e1n de Copa Davis y que por segunda ocasi\u00f3n capitanea el equipo femenino en la BJKC.<\/p>\n<p>Dos naciones ascender\u00e1n al Grupo I de Am\u00e9rica y los dos \u00faltimos descender\u00e1n a la Zona III. Las series se juegan al mejor de tres partidos en un d\u00eda. Hay dos partidos individuales y uno de dobles.<\/p>\n","protected":false},"excerpt":{"rendered":"<p>Rep\u00fablica Dominicana.- Ecuador debutar\u00e1 ante Uruguay en el inicio de la Billie Jean King Cup Zona Americana II (denominada la Copa Davis Femenina), en Santo Domingo, Rep\u00fablica Dominicana, que se desarrollar\u00e1 del 26 al 29 de julio. Por el Grupo A, donde tambi\u00e9n estar\u00e1n Rep\u00fablica Dominicana y Honduras, ecuatorianas y uruguayas se enfrentar\u00e1n este mi\u00e9rcoles [&hellip;]<\/p>\n","protected":false},"author":2,"featured_media":1528,"comment_status":"open","ping_status":"closed","sticky":false,"template":"","format":"standard","meta":{"_jetpack_memberships_contains_paid_content":false,"footnotes":""},"categories":[9,64],"tags":[357,366],"class_list":["post-1527","post","type-post","status-publish","format-standard","has-post-thumbnail","hentry","category-deportes","category-tenis","tag-billie-jean-king-cup","tag-republica-dominicana"],"jetpack_featured_media_url":"https:\/\/radiocresatelital.com\/wp-content\/uploads\/2023\/07\/2da4fefe-c54e-414f-a617-60ae140aa00f.jpg","jetpack_sharing_enabled":true,"_links":{"self":[{"href":"https:\/\/radiocresatelital.com\/index.php?rest_route=\/wp\/v2\/posts\/1527","targetHints":{"allow":["GET"]}}],"collection":[{"href":"https:\/\/radiocresatelital.com\/index.php?rest_route=\/wp\/v2\/posts"}],"about":[{"href":"https:\/\/radiocresatelital.com\/index.php?rest_route=\/wp\/v2\/types\/post"}],"author":[{"embeddable":true,"href":"https:\/\/radiocresatelital.com\/index.php?rest_route=\/wp\/v2\/users\/2"}],"replies":[{"embeddable":true,"href":"https:\/\/radiocresatelital.com\/index.php?rest_route=%2Fwp%2Fv2%2Fcomments&post=1527"}],"version-history":[{"count":1,"href":"https:\/\/radiocresatelital.com\/index.php?rest_route=\/wp\/v2\/posts\/1527\/revisions"}],"predecessor-version":[{"id":1529,"href":"https:\/\/radiocresatelital.com\/index.php?rest_route=\/wp\/v2\/posts\/1527\/revisions\/1529"}],"wp:featuredmedia":[{"embeddable":true,"href":"https:\/\/radiocresatelital.com\/index.php?rest_route=\/wp\/v2\/media\/1528"}],"wp:attachment":[{"href":"https:\/\/radiocresatelital.com\/index.php?rest_route=%2Fwp%2Fv2%2Fmedia&parent=1527"}],"wp:term":[{"taxonomy":"category","embeddable":true,"href":"https:\/\/radiocresatelital.com\/index.php?rest_route=%2Fwp%2Fv2%2Fcategories&post=1527"},{"taxonomy":"post_tag","embeddable":true,"href":"https:\/\/radiocresatelital.com\/index.php?rest_route=%2Fwp%2Fv2%2Ftags&post=1527"}],"curies":[{"name":"wp","href":"https:\/\/api.w.org\/{rel}","templated":true}]}}