{"id":15266,"date":"2024-06-17T22:10:32","date_gmt":"2024-06-17T22:10:32","guid":{"rendered":"https:\/\/radiocresatelital.com\/?p=15266"},"modified":"2024-06-17T22:10:32","modified_gmt":"2024-06-17T22:10:32","slug":"francia-gana-por-la-minima-ante-austria-en-el-debut-de-la-eurocopa-2024","status":"publish","type":"post","link":"https:\/\/radiocresatelital.com\/?p=15266","title":{"rendered":"Francia gana por la m\u00ednima ante Austria en el debut de la Eurocopa 2024"},"content":{"rendered":"<p class=\"ssrcss-1q0x1qg-Paragraph e1jhz7w10\">Dusseldorf.- El atacante franc\u00e9s, Kylian Mbapp\u00e9 tuvo su mejor momento y mezclado de magia para arrancar con un triunfo de su selecci\u00f3n en la Eurocopa 2024 ante Austria por la m\u00ednima diferencia en Dusseldorf.<\/p>\n<p class=\"ssrcss-1q0x1qg-Paragraph e1jhz7w10\"><span>Pero tambi\u00e9n estuvo en el centro de una lesi\u00f3n tard\u00eda.\u00a0<\/span><span>El capit\u00e1n de Francia y \u00faltimo \u00abgal\u00e1ctico\u00bb del Real Madrid fue sustituido en el minuto 90 cuando una noche agitada termin\u00f3 con \u00e9l cubierto de sangre tras un doloroso golpe en la nariz tras un choque a\u00e9reo con el defensa austriaco Kevin Danso.<\/span><\/p>\n<p class=\"ssrcss-1q0x1qg-Paragraph e1jhz7w10\"><span>Mbapp\u00e9 tambi\u00e9n recibi\u00f3 una tarjeta amarilla por regresar al campo antes de caer al suelo y luego retirarse.<\/span><\/p>\n<p class=\"ssrcss-1q0x1qg-Paragraph e1jhz7w10\"><span>Tuvo una noche mixta en su definici\u00f3n, pero a\u00fan as\u00ed hizo una contribuci\u00f3n decisiva para sellar tres puntos importantes contra el bien entrenado equipo austriaco de Ralf Rangnick.<\/span><\/p>\n<p class=\"ssrcss-1q0x1qg-Paragraph e1jhz7w10\"><span>El jugador de 25 a\u00f1os mostr\u00f3 un ritmo vertiginoso y un r\u00e1pido juego de pies para dejar atr\u00e1s al lateral austriaco Phillipp Mwene antes de que un centro de Mbapp\u00e9 fuera desviado hacia su propia porter\u00eda por un cabezazo del central del Leeds United, Max Wober, siete minutos antes del descanso.<\/span><\/p>\n<p class=\"ssrcss-1q0x1qg-Paragraph e1jhz7w10\"><span>Austria desperdici\u00f3 su mejor oportunidad momentos antes cuando un disparo de Christoph Baumgartner desde corta distancia fue bloqueado por los pies del portero franc\u00e9s Mike Maignan. Su frustraci\u00f3n aument\u00f3 a\u00fan m\u00e1s por la mala decisi\u00f3n del \u00e1rbitro espa\u00f1ol Jes\u00fas Gil Manzano de conceder un saque de meta en lugar de un saque de esquina.<\/span><\/p>\n<p class=\"ssrcss-1q0x1qg-Paragraph e1jhz7w10\"><span>Mbapp\u00e9, que vio un disparo en la primera mitad bien detenido por el portero austriaco Patrick Pentz, se convirti\u00f3 en uno de los primeros candidatos a perder la Eurocopa 2024 despu\u00e9s del descanso cuando mostr\u00f3 un ritmo sorprendente para superar a Wober pero, con el gol a su merced, aguant\u00f3. su cabeza con incredulidad despu\u00e9s de disparar desviado.<\/span><\/p>\n<p class=\"ssrcss-1q0x1qg-Paragraph e1jhz7w10\"><span>Francia no estaba en su mejor momento, pero, con una magn\u00edfica actuaci\u00f3n individual del veterano N&#8217;Golo Kante despu\u00e9s de dos a\u00f1os alejada de la escena internacional, hizo lo suficiente para superar a una Austria decidida y sentar las bases para el partido clave del Grupo D contra viejos rivales. Holanda el viernes.<\/span><\/p>\n<p class=\"ssrcss-1q0x1qg-Paragraph e1jhz7w10\"><span>Francia, una de las favoritas para la Eurocopa 2024, merec\u00eda ganar, pero c\u00f3mo un equipo austriaco la hizo trabajar para lograrlo demuestra exactamente por qu\u00e9 hab\u00eda perdido solo uno de sus \u00faltimos 16 partidos.<\/span><\/p>\n<p class=\"ssrcss-1q0x1qg-Paragraph e1jhz7w10\"><span>El entrenador Didier Deschamps tiene muchas riquezas en el campo y en el banquillo y su equipo ser\u00e1 una gran amenaza en este torneo, m\u00e1s all\u00e1 de la amenaza que representa Mbapp\u00e9.<\/span><\/p>\n<p class=\"ssrcss-1q0x1qg-Paragraph e1jhz7w10\"><span>Sin embargo, fue la actuaci\u00f3n de un miembro de la vieja guardia francesa que regresaba a los colores con la selecci\u00f3n para la Eurocopa despu\u00e9s de un exilio internacional de 21 meses lo que proporcion\u00f3 al pegamento una magn\u00edfica exhibici\u00f3n del papel del mediocampista defensivo.<\/span><\/p>\n<p class=\"ssrcss-1q0x1qg-Paragraph e1jhz7w10\"><span>Kante, ganador de la Copa del Mundo en 2018 y que ahora juega en la Saudi Pro League con Al-Ittihad, demostr\u00f3 precisamente por qu\u00e9 Deschamps estaba tan interesado en tenerlo de regreso en las filas con el tipo de exhibici\u00f3n que ha sido su sello a lo largo de los a\u00f1os.<\/span><\/p>\n<p class=\"ssrcss-1q0x1qg-Paragraph e1jhz7w10\"><span>El jugador de 33 a\u00f1os retrocedi\u00f3 muchos de esos a\u00f1os mientras brindaba un escudo defensivo, conciencia y compostura con el bal\u00f3n, ejemplificado por la forma en que corri\u00f3 hacia atr\u00e1s para recuperar terreno sobre Patrick Wimmer y apagar el peligro m\u00e1s tarde.<\/span><\/p>\n<p class=\"ssrcss-1q0x1qg-Paragraph e1jhz7w10\"><span>Mbapp\u00e9 casi siempre es el titular cuando juega Francia (y volvi\u00f3 a serlo por diversas razones), pero Kante puede estar a su lado en lo m\u00e1s alto del cartel despu\u00e9s de su actuaci\u00f3n en Dusseldorf.<\/span><\/p>\n","protected":false},"excerpt":{"rendered":"<p>Dusseldorf.- El atacante franc\u00e9s, Kylian Mbapp\u00e9 tuvo su mejor momento y mezclado de magia para arrancar con un triunfo de su selecci\u00f3n en la Eurocopa 2024 ante Austria por la m\u00ednima diferencia en Dusseldorf. Pero tambi\u00e9n estuvo en el centro de una lesi\u00f3n tard\u00eda.\u00a0El capit\u00e1n de Francia y \u00faltimo \u00abgal\u00e1ctico\u00bb del Real Madrid fue sustituido [&hellip;]<\/p>\n","protected":false},"author":2,"featured_media":15267,"comment_status":"open","ping_status":"closed","sticky":false,"template":"","format":"standard","meta":{"_jetpack_memberships_contains_paid_content":false,"footnotes":""},"categories":[1049],"tags":[18,2313],"class_list":["post-15266","post","type-post","status-publish","format-standard","has-post-thumbnail","hentry","category-eurocopa-2024","tag-eurocopa-2024","tag-seleccion-de-francia"],"jetpack_featured_media_url":"https:\/\/radiocresatelital.com\/wp-content\/uploads\/2024\/06\/Francia-gano-1-0-a-Austria.jpg","jetpack_sharing_enabled":true,"_links":{"self":[{"href":"https:\/\/radiocresatelital.com\/index.php?rest_route=\/wp\/v2\/posts\/15266","targetHints":{"allow":["GET"]}}],"collection":[{"href":"https:\/\/radiocresatelital.com\/index.php?rest_route=\/wp\/v2\/posts"}],"about":[{"href":"https:\/\/radiocresatelital.com\/index.php?rest_route=\/wp\/v2\/types\/post"}],"author":[{"embeddable":true,"href":"https:\/\/radiocresatelital.com\/index.php?rest_route=\/wp\/v2\/users\/2"}],"replies":[{"embeddable":true,"href":"https:\/\/radiocresatelital.com\/index.php?rest_route=%2Fwp%2Fv2%2Fcomments&post=15266"}],"version-history":[{"count":1,"href":"https:\/\/radiocresatelital.com\/index.php?rest_route=\/wp\/v2\/posts\/15266\/revisions"}],"predecessor-version":[{"id":15268,"href":"https:\/\/radiocresatelital.com\/index.php?rest_route=\/wp\/v2\/posts\/15266\/revisions\/15268"}],"wp:featuredmedia":[{"embeddable":true,"href":"https:\/\/radiocresatelital.com\/index.php?rest_route=\/wp\/v2\/media\/15267"}],"wp:attachment":[{"href":"https:\/\/radiocresatelital.com\/index.php?rest_route=%2Fwp%2Fv2%2Fmedia&parent=15266"}],"wp:term":[{"taxonomy":"category","embeddable":true,"href":"https:\/\/radiocresatelital.com\/index.php?rest_route=%2Fwp%2Fv2%2Fcategories&post=15266"},{"taxonomy":"post_tag","embeddable":true,"href":"https:\/\/radiocresatelital.com\/index.php?rest_route=%2Fwp%2Fv2%2Ftags&post=15266"}],"curies":[{"name":"wp","href":"https:\/\/api.w.org\/{rel}","templated":true}]}}