{"id":15230,"date":"2024-06-14T22:35:06","date_gmt":"2024-06-14T22:35:06","guid":{"rendered":"https:\/\/radiocresatelital.com\/?p=15230"},"modified":"2024-06-14T22:35:06","modified_gmt":"2024-06-14T22:35:06","slug":"listas-semifinales-en-la-copa-gogo-week","status":"publish","type":"post","link":"https:\/\/radiocresatelital.com\/?p=15230","title":{"rendered":"Listas Semifinales en la Copa \u00abGogo Week\u00bb"},"content":{"rendered":"<p class=\"x_ydp3a45f26yiv4374361836gmail-MsoNoSpacing\">Guayaquil.- Doce ecuatorianos ir\u00e1n por los cupos de las finales singles en la COPA GOGO COSAT G2 sub 14\/sub 16, torneo internacional que se disputa hasta el s\u00e1bado 15 de junio en el Anexo Guayaquil Tenis Club (Av. Samborond\u00f3n) y que forma parte del VI GOGO WEEK.<\/p>\n<p class=\"x_ydp3a45f26yiv4374361836gmail-MsoNoSpacing\">Entre los tricolores ganadores de la jornada de hoy jueves destacan Estefan\u00eda Novoa que venci\u00f3 a la tambi\u00e9n nacional, Mia Rivera 6-2, 6-0, logrando su pase a la semifinal en la categor\u00eda sub 16, en esa instancia enfrentar\u00e1 el viernes a la siembra #2 Ana Paula J\u00e1tiva, que super\u00f3 6-1 6-2 a Luciana Serrano, todas ecuatorianas.<\/p>\n<p class=\"x_ydp3a45f26yiv4374361836gmail-MsoNoSpacing\">En la rama masculina sub 16, gran remontada logr\u00f3 Sergio Castro de Ecuador, quien elimin\u00f3 al principal favorito del torneo, Diego G\u00f3mez de Per\u00fa por parciales de 3-6, 6-1, 6-4. Por el cupo a la final medir\u00e1 a su amigo y compa\u00f1ero de dobles, Felipe Wright que venci\u00f3 6-4, 6-3, a Fernando Gonz\u00e1lez, ambos ecuatorianos.<\/p>\n<p class=\"x_ydp3a45f26yiv4374361836gmail-MsoNoSpacing\">El viernes buscar\u00e1n tambi\u00e9n su lugar en las finales otros tenistas tricolores; Karolaine Rivera, Ariana Yturralde, Ana Machuca en damas 14 a\u00f1os, Eduardo Guti\u00e9rrez, Claudio Tenicela\u00a0 en varones 14 a\u00f1os.<\/p>\n<p class=\"x_ydp3a45f26yiv4374361836gmail-MsoNoSpacing\">Mientras que en damas 16 a\u00f1os Ayleen Mac\u00edas, Viktoria Monge y en varones 16 a\u00f1os Jaime Robles buscar\u00e1n su plaza para la disputa del t\u00edtulo.<\/p>\n<p class=\"x_ydp3a45f26yiv4374361836gmail-MsoNoSpacing\">La jornada del viernes 14 de junio iniciar\u00e1 a las 09h00.<\/p>\n<p class=\"x_ydp3a45f26yiv4374361836gmail-MsoNoSpacing\"><b>LOS TORNEOS 2024\u00a0\u00a0\u00a0\u00a0\u00a0\u00a0\u00a0\u00a0\u00a0\u00a0\u00a0\u00a0\u00a0\u00a0\u00a0\u00a0\u00a0\u00a0\u00a0\u00a0\u00a0\u00a0\u00a0\u00a0\u00a0\u00a0\u00a0\u00a0\u00a0\u00a0\u00a0\u00a0\u00a0\u00a0\u00a0\u00a0\u00a0\u00a0\u00a0\u00a0\u00a0\u00a0\u00a0\u00a0 Fechas\u00a0 \u00a0 \u00a0 \u00a0 \u00a0 \u00a0<\/b><\/p>\n<p class=\"x_ydp3a45f26yiv4374361836gmail-MsoNoSpacing\"><b>C\u00c7OSAT G2 14\/16 a\u00f1os \u00a0\u00a0\u00a0\u00a0\u00a0\u00a0\u00a0\u00a0\u00a0\u00a0\u00a0\u00a0\u00a0\u00a0\u00a0\u00a0\u00a0\u00a0\u00a0\u00a0\u00a0\u00a0\u00a0\u00a0\u00a0\u00a0\u00a0 \u00a0\u00a0\u00a0\u00a0\u00a0\u00a0\u00a0\u00a0\u00a0\u00a0\u00a0 Junio 10-15<br \/>\n<\/b>Sede Anexo Guayaquil Tenis Club \u2013 Samborond\u00f3n<\/p>\n<p class=\"x_ydp3a45f26yiv4374361836gmail-MsoNoSpacing\"><b>ITF Junior J60 18 a\u00f1os\u00a0\u00a0\u00a0\u00a0\u00a0\u00a0\u00a0\u00a0\u00a0\u00a0\u00a0\u00a0\u00a0\u00a0\u00a0\u00a0\u00a0\u00a0\u00a0\u00a0\u00a0\u00a0\u00a0\u00a0\u00a0\u00a0\u00a0\u00a0\u00a0\u00a0 \u00a0\u00a0\u00a0\u00a0\u00a0\u00a0\u00a0\u00a0\u00a0\u00a0\u00a0 Junio 15-22<br \/>\n<\/b>Sede Salinas Golf &amp; Tenis Club \u2013 Salinas<\/p>\n<p class=\"x_ydp3a45f26yiv4374361836gmail-MsoNoSpacing\"><b>NACIONAL 10 a\u00f1os \u00a0\u00a0\u00a0\u00a0\u00a0\u00a0\u00a0\u00a0\u00a0\u00a0\u00a0\u00a0\u00a0\u00a0\u00a0\u00a0\u00a0\u00a0\u00a0\u00a0\u00a0\u00a0\u00a0\u00a0\u00a0\u00a0\u00a0\u00a0\u00a0\u00a0\u00a0\u00a0\u00a0\u00a0\u00a0\u00a0\u00a0\u00a0\u00a0\u00a0\u00a0\u00a0\u00a0\u00a0\u00a0 Junio 20-23<br \/>\n<\/b>Sede Anexo Guayaquil Tenis Club \u2013 Samborond\u00f3n<\/p>\n<p class=\"x_ydp3a45f26yiv4374361836gmail-MsoNoSpacing\"><b>FESTIVAL bolas rojas\/naranjas 6-10 a\u00f1os\u00a0\u00a0\u00a0\u00a0\u00a0\u00a0\u00a0\u00a0\u00a0 Junio 22-23<br \/>\n<\/b>Sede Anexo Guayaquil Tenis Club \u2013 Samborond\u00f3n<\/p>\n","protected":false},"excerpt":{"rendered":"<p>Guayaquil.- Doce ecuatorianos ir\u00e1n por los cupos de las finales singles en la COPA GOGO COSAT G2 sub 14\/sub 16, torneo internacional que se disputa hasta el s\u00e1bado 15 de junio en el Anexo Guayaquil Tenis Club (Av. Samborond\u00f3n) y que forma parte del VI GOGO WEEK. Entre los tricolores ganadores de la jornada de [&hellip;]<\/p>\n","protected":false},"author":2,"featured_media":15231,"comment_status":"open","ping_status":"closed","sticky":false,"template":"","format":"standard","meta":{"_jetpack_memberships_contains_paid_content":false,"footnotes":""},"categories":[9,64],"tags":[15],"class_list":["post-15230","post","type-post","status-publish","format-standard","has-post-thumbnail","hentry","category-deportes","category-tenis","tag-gogo-week"],"jetpack_featured_media_url":"https:\/\/radiocresatelital.com\/wp-content\/uploads\/2024\/06\/thumbnail_.Novoa_ECU16.jpg","jetpack_sharing_enabled":true,"_links":{"self":[{"href":"https:\/\/radiocresatelital.com\/index.php?rest_route=\/wp\/v2\/posts\/15230","targetHints":{"allow":["GET"]}}],"collection":[{"href":"https:\/\/radiocresatelital.com\/index.php?rest_route=\/wp\/v2\/posts"}],"about":[{"href":"https:\/\/radiocresatelital.com\/index.php?rest_route=\/wp\/v2\/types\/post"}],"author":[{"embeddable":true,"href":"https:\/\/radiocresatelital.com\/index.php?rest_route=\/wp\/v2\/users\/2"}],"replies":[{"embeddable":true,"href":"https:\/\/radiocresatelital.com\/index.php?rest_route=%2Fwp%2Fv2%2Fcomments&post=15230"}],"version-history":[{"count":1,"href":"https:\/\/radiocresatelital.com\/index.php?rest_route=\/wp\/v2\/posts\/15230\/revisions"}],"predecessor-version":[{"id":15232,"href":"https:\/\/radiocresatelital.com\/index.php?rest_route=\/wp\/v2\/posts\/15230\/revisions\/15232"}],"wp:featuredmedia":[{"embeddable":true,"href":"https:\/\/radiocresatelital.com\/index.php?rest_route=\/wp\/v2\/media\/15231"}],"wp:attachment":[{"href":"https:\/\/radiocresatelital.com\/index.php?rest_route=%2Fwp%2Fv2%2Fmedia&parent=15230"}],"wp:term":[{"taxonomy":"category","embeddable":true,"href":"https:\/\/radiocresatelital.com\/index.php?rest_route=%2Fwp%2Fv2%2Fcategories&post=15230"},{"taxonomy":"post_tag","embeddable":true,"href":"https:\/\/radiocresatelital.com\/index.php?rest_route=%2Fwp%2Fv2%2Ftags&post=15230"}],"curies":[{"name":"wp","href":"https:\/\/api.w.org\/{rel}","templated":true}]}}