{"id":15221,"date":"2024-06-14T22:09:17","date_gmt":"2024-06-14T22:09:17","guid":{"rendered":"https:\/\/radiocresatelital.com\/?p=15221"},"modified":"2024-06-14T22:09:17","modified_gmt":"2024-06-14T22:09:17","slug":"quito-epicentro-del-squash-continental","status":"publish","type":"post","link":"https:\/\/radiocresatelital.com\/?p=15221","title":{"rendered":"Quito, epicentro del squash continental"},"content":{"rendered":"<p>Quito.\u2013 La Federaci\u00f3n Ecuatoriana de Squash anunci\u00f3 el XX Campeonato Panamericano Junior de Squash, que se llevar\u00e1 a cabo en el Quito Tenis y Golf Club del 16 al 22 de junio. Este certamen otorga puntos PSA (Professional Squash Association) al ranking mundial y contar\u00e1 con la participaci\u00f3n de 73 deportistas de 12 pa\u00edses: Argentina, Barbados, Brasil, Canad\u00e1, Islas Caim\u00e1n, Colombia, El Salvador, Guatemala, Paraguay, Per\u00fa, Estados Unidos y Ecuador.<\/p>\n<p>La presidenta de la Federaci\u00f3n Ecuatoriana de Squash, Sonia S\u00e1nchez, destac\u00f3 la relevancia del torneo. \u201cEl squash est\u00e1 en auge y crecimiento, este panamericano es un claro ejemplo del desarrollo de nuestra disciplina. Hemos tenido algunos logros importantes como pa\u00eds en torneos sudamericanos y panamericanos, donde Ecuador se ha ubicado en los primeros lugares, aportando al medallero\u201d.<\/p>\n<p>Por su parte, el presidente del Comit\u00e9 Ol\u00edmpico Ecuatoriano, Jorge Delgado, felicit\u00f3 el esfuerzo organizativo. \u201cFelicito el esfuerzo de la Federaci\u00f3n Ecuatoriana de Squash por la gran organizaci\u00f3n de este torneo. Hay que apoyar a todos quienes viven intensamente las emociones del squash. \u00c9xitos a los 12 pa\u00edses y a los deportistas que intervienen, quienes se hacen mejores personas gracias al deporte. Las satisfacciones de los pr\u00f3ximos d\u00edas van a ser enormes\u201d.<\/p>\n<p>Ecuador estar\u00e1 representado por ocho deportistas: Xavier Romo, Gabriel Costales, Mart\u00edn Falcon\u00ed, Carlos Villacr\u00e9s, Rafaela Garc\u00eda, Sof\u00eda Garc\u00eda, Mar\u00eda Jos\u00e9 Soria y Luisa Fernanda Mera. Especial menci\u00f3n a Xavier Romo, quien adem\u00e1s representar\u00e1 a Ecuador en el Campeonato Mundial de Squash en Houston, Estados Unidos, del 18 al 23 de julio de 2024.<\/p>\n<p>El Ministro del Deporte, Andr\u00e9s Guschmer, resalt\u00f3 el potencial del pa\u00eds para albergar torneos internacionales de gran magnitud: \u201cEstos eventos no son simples eventos deportivos, cuando demostramos la calidad de organizaci\u00f3n, tambi\u00e9n mostramos a nuestra tierra y eso tiene un significado muy importante.<\/p>\n<p>Este torneo significa desarrollo y reactivaci\u00f3n econ\u00f3mica, tur\u00edstica y cultural. Les deseo el mayor de los \u00e9xitos, somos un pa\u00eds que ama profundamente el deporte y Quito es una ciudad llena de cultura, de historia y sobre todo de gente buena. Cuenten siempre con el apoyo del Ministerio del Deporte y del Gobierno\u00a0 Nacional\u201d.<\/p>\n","protected":false},"excerpt":{"rendered":"<p>Quito.\u2013 La Federaci\u00f3n Ecuatoriana de Squash anunci\u00f3 el XX Campeonato Panamericano Junior de Squash, que se llevar\u00e1 a cabo en el Quito Tenis y Golf Club del 16 al 22 de junio. Este certamen otorga puntos PSA (Professional Squash Association) al ranking mundial y contar\u00e1 con la participaci\u00f3n de 73 deportistas de 12 pa\u00edses: Argentina, [&hellip;]<\/p>\n","protected":false},"author":2,"featured_media":15222,"comment_status":"open","ping_status":"closed","sticky":false,"template":"","format":"standard","meta":{"_jetpack_memberships_contains_paid_content":false,"footnotes":""},"categories":[9],"tags":[2519,2520],"class_list":["post-15221","post","type-post","status-publish","format-standard","has-post-thumbnail","hentry","category-deportes","tag-federacion-ecuatoriana-de-squash","tag-xx-campeonato-panamericano-junior"],"jetpack_featured_media_url":"https:\/\/radiocresatelital.com\/wp-content\/uploads\/2024\/06\/c893c24b-c8fc-4133-bcd6-689a9354c97d.jpeg","jetpack_sharing_enabled":true,"_links":{"self":[{"href":"https:\/\/radiocresatelital.com\/index.php?rest_route=\/wp\/v2\/posts\/15221","targetHints":{"allow":["GET"]}}],"collection":[{"href":"https:\/\/radiocresatelital.com\/index.php?rest_route=\/wp\/v2\/posts"}],"about":[{"href":"https:\/\/radiocresatelital.com\/index.php?rest_route=\/wp\/v2\/types\/post"}],"author":[{"embeddable":true,"href":"https:\/\/radiocresatelital.com\/index.php?rest_route=\/wp\/v2\/users\/2"}],"replies":[{"embeddable":true,"href":"https:\/\/radiocresatelital.com\/index.php?rest_route=%2Fwp%2Fv2%2Fcomments&post=15221"}],"version-history":[{"count":1,"href":"https:\/\/radiocresatelital.com\/index.php?rest_route=\/wp\/v2\/posts\/15221\/revisions"}],"predecessor-version":[{"id":15223,"href":"https:\/\/radiocresatelital.com\/index.php?rest_route=\/wp\/v2\/posts\/15221\/revisions\/15223"}],"wp:featuredmedia":[{"embeddable":true,"href":"https:\/\/radiocresatelital.com\/index.php?rest_route=\/wp\/v2\/media\/15222"}],"wp:attachment":[{"href":"https:\/\/radiocresatelital.com\/index.php?rest_route=%2Fwp%2Fv2%2Fmedia&parent=15221"}],"wp:term":[{"taxonomy":"category","embeddable":true,"href":"https:\/\/radiocresatelital.com\/index.php?rest_route=%2Fwp%2Fv2%2Fcategories&post=15221"},{"taxonomy":"post_tag","embeddable":true,"href":"https:\/\/radiocresatelital.com\/index.php?rest_route=%2Fwp%2Fv2%2Ftags&post=15221"}],"curies":[{"name":"wp","href":"https:\/\/api.w.org\/{rel}","templated":true}]}}