{"id":15212,"date":"2024-06-14T21:57:16","date_gmt":"2024-06-14T21:57:16","guid":{"rendered":"https:\/\/radiocresatelital.com\/?p=15212"},"modified":"2024-06-14T21:57:16","modified_gmt":"2024-06-14T21:57:16","slug":"se-viene-el-olympic-day-y-con-ello-la-semana-olimpica-del-17-al-22-de-junio","status":"publish","type":"post","link":"https:\/\/radiocresatelital.com\/?p=15212","title":{"rendered":"Se viene el Olympic Day y con ello la Semana Ol\u00edmpica del 17 al 22 de junio"},"content":{"rendered":"<p>Guayaquil.- Como es ya una tradici\u00f3n el Comit\u00e9 Ol\u00edmpico Ecuatoriano celebrar\u00e1 el D\u00eda Ol\u00edmpico por toda una semana del 17 al 22 de junio. Ser\u00e1n seis d\u00edas cargados de diversas actividades en todo pa\u00eds.<\/p>\n<p>El lunes 17 (09:30) se celebrar\u00e1 la misa de acci\u00f3n de gracias y la visita al Museo Ol\u00edmpico Alberto Jarr\u00edn Jaramillo para recordar nuestros grandes logros y los h\u00e9roes que fueron part\u00edcipes de estas haza\u00f1as\u2026<\/p>\n<p>El martes 18 de junio diferentes unidades educativas de Fe y Alegr\u00eda en Guayaquil participar\u00e1n en los talleres de pintura, donde ni\u00f1os y j\u00f3venes expondr\u00e1n toda su creatividad para representar con sus dibujos el deporte y sus valores.<\/p>\n<p>Por la tarde, se llevar\u00e1 a cabo la Fiesta Ol\u00edmpica \u201cLet\u2019s Move\u201d con los estudiantes de la Unidad Educativa Jos\u00e9 Joaqu\u00edn de Olmedo.<\/p>\n<p>El mi\u00e9rcoles 19 de junio una nueva visita animar\u00e1 el Museo Ol\u00edmpico en la jornada \u201cConociendo los triunfos hist\u00f3ricos de los deportistas ecuatorianos. Tambi\u00e9n los integrantes del Programa Semillas Sembrando Deporte realizar\u00e1n actividades de balonmano y b\u00e1dminton en la sede de Children International.<\/p>\n<p>El jueves 20 de junio en Loja se vivir\u00e1 el Festival de Miniatletismo con los clubes deportivos Espafran, Athletics Club y la Escuela de Atletismo Gigantes del Sur. Por la tarde la Universidad T\u00e9cnica de Machala realizar\u00e1 actividades deportivas, l\u00fadicas y recreativas.<\/p>\n<p>El viernes 21 la Prefectura de Manab\u00ed organiza en Portoviejo la Fiesta Ol\u00edmpica, en la que participar\u00e1n diversas escuelas y colegios de la ciudad.<\/p>\n<p>El s\u00e1bado 22 celebraremos el D\u00eda Ol\u00edmpico, que se conmemora el 23 de junio, junto a la Universidad Pen\u00ednsula de Santa Elena con la Carrera del Centenario, en conmemoraci\u00f3n de los 100 a\u00f1os de la primera participaci\u00f3n de Ecuador en los Juegos Ol\u00edmpicos.<\/p>\n<p>El Instituto Superior Universitario Almirante Illingworth tambi\u00e9n festejar\u00e1 este d\u00eda con jornadas deportivas, y juegos tradicionales.<\/p>\n","protected":false},"excerpt":{"rendered":"<p>Guayaquil.- Como es ya una tradici\u00f3n el Comit\u00e9 Ol\u00edmpico Ecuatoriano celebrar\u00e1 el D\u00eda Ol\u00edmpico por toda una semana del 17 al 22 de junio. Ser\u00e1n seis d\u00edas cargados de diversas actividades en todo pa\u00eds. El lunes 17 (09:30) se celebrar\u00e1 la misa de acci\u00f3n de gracias y la visita al Museo Ol\u00edmpico Alberto Jarr\u00edn Jaramillo [&hellip;]<\/p>\n","protected":false},"author":2,"featured_media":15213,"comment_status":"open","ping_status":"closed","sticky":false,"template":"","format":"standard","meta":{"_jetpack_memberships_contains_paid_content":false,"footnotes":""},"categories":[9],"tags":[2518],"class_list":["post-15212","post","type-post","status-publish","format-standard","has-post-thumbnail","hentry","category-deportes","tag-olympic-day"],"jetpack_featured_media_url":"https:\/\/radiocresatelital.com\/wp-content\/uploads\/2024\/06\/GQEBr5WXUAA-riQ.jpeg","jetpack_sharing_enabled":true,"_links":{"self":[{"href":"https:\/\/radiocresatelital.com\/index.php?rest_route=\/wp\/v2\/posts\/15212","targetHints":{"allow":["GET"]}}],"collection":[{"href":"https:\/\/radiocresatelital.com\/index.php?rest_route=\/wp\/v2\/posts"}],"about":[{"href":"https:\/\/radiocresatelital.com\/index.php?rest_route=\/wp\/v2\/types\/post"}],"author":[{"embeddable":true,"href":"https:\/\/radiocresatelital.com\/index.php?rest_route=\/wp\/v2\/users\/2"}],"replies":[{"embeddable":true,"href":"https:\/\/radiocresatelital.com\/index.php?rest_route=%2Fwp%2Fv2%2Fcomments&post=15212"}],"version-history":[{"count":1,"href":"https:\/\/radiocresatelital.com\/index.php?rest_route=\/wp\/v2\/posts\/15212\/revisions"}],"predecessor-version":[{"id":15214,"href":"https:\/\/radiocresatelital.com\/index.php?rest_route=\/wp\/v2\/posts\/15212\/revisions\/15214"}],"wp:featuredmedia":[{"embeddable":true,"href":"https:\/\/radiocresatelital.com\/index.php?rest_route=\/wp\/v2\/media\/15213"}],"wp:attachment":[{"href":"https:\/\/radiocresatelital.com\/index.php?rest_route=%2Fwp%2Fv2%2Fmedia&parent=15212"}],"wp:term":[{"taxonomy":"category","embeddable":true,"href":"https:\/\/radiocresatelital.com\/index.php?rest_route=%2Fwp%2Fv2%2Fcategories&post=15212"},{"taxonomy":"post_tag","embeddable":true,"href":"https:\/\/radiocresatelital.com\/index.php?rest_route=%2Fwp%2Fv2%2Ftags&post=15212"}],"curies":[{"name":"wp","href":"https:\/\/api.w.org\/{rel}","templated":true}]}}