{"id":15206,"date":"2024-06-14T21:23:12","date_gmt":"2024-06-14T21:23:12","guid":{"rendered":"https:\/\/radiocresatelital.com\/?p=15206"},"modified":"2024-06-14T21:23:37","modified_gmt":"2024-06-14T21:23:37","slug":"jugare-en-los-juegos-olimpicos-de-verano-en-paris-rafael-nadal","status":"publish","type":"post","link":"https:\/\/radiocresatelital.com\/?p=15206","title":{"rendered":"Jugar\u00e9 en los Juegos Ol\u00edmpicos de verano en Par\u00eds, Rafael Nadal"},"content":{"rendered":"<p>Madrid.- El tenista espa\u00f1ol, Rafael Nadal ha indicado que no estar\u00e1 jugando en Wimbledon, luego de su eliminaci\u00f3n de Roland Garros, pero estar\u00e1 centrado en la participaci\u00f3n de los Juegos Ol\u00edmpicos, con el torneo de Bastad (Suecia) como preparaci\u00f3n.<\/p>\n<p>\u201cDurante mi rueda de prensa posterior al partido en Roland Garros me preguntaron sobre mi calendario de verano y desde entonces he estado practicando en tierra batida. Ayer se anunci\u00f3 que jugar\u00e9 en los Juegos Ol\u00edmpicos de verano en Par\u00eds, mis \u00faltimos Juegos Ol\u00edmpicos\u201d, se\u00f1al\u00f3 el tenista espa\u00f1ol en sus redes sociales.<\/p>\n<p>\u201cCon este objetivo, creemos que lo mejor para mi cuerpo es no cambiar de superficie y seguir jugando en tierra batida hasta entonces. Es por esta raz\u00f3n que echar\u00e1 de menos jugar Wimbledon este a\u00f1o. Me entristece no poder vivir este a\u00f1o el gran ambiente de ese incre\u00edble torneo, que siempre estar\u00e1 en mi coraz\u00f3n, y estar con todos los aficionados brit\u00e1nicos que siempre me brindaron un gran apoyo. Los extra\u00f1ar\u00e9 a todos\u201d, a\u00f1adi\u00f3 Nadal.<\/p>\n<p>\u201cPara prepararme para los Juegos Ol\u00edmpicos, jugar\u00e9 el torneo en Bastad, Suecia. Un torneo que jugu\u00e9 al principio de mi carrera y donde lo pas\u00e9 muy bien tanto dentro como fuera de la cancha\u201d, a\u00f1adi\u00f3.<\/p>\n<p>Bastad se jugar\u00e1 del 15 al 21 de julio y los Juegos se inaugurar\u00e1n el 26.<\/p>\n<p>El capit\u00e1n del equipo espa\u00f1ol, David Ferrer, anunci\u00f3 el mi\u00e9rcoles su lista de preseleccionados para los Juegos, en la que incluy\u00f3 a Nadal, que jugar\u00e1 tanto el cuadro individual como el de dobles con Carlos Alcaraz, n\u00famero dos del mundo.<\/p>\n<p>El mallorqu\u00edn tiene ya dos medallas de oro, individual en Pek\u00edn 2008 y de dobles en 2016.<\/p>\n<p>De nuevo en las canchas, aunque en peque\u00f1as dosis tras sus graves lesiones de los meses anteriores, Nadal fue eliminado en la primera ronda del \u00faltimo Roland Garros por el alem\u00e1n Alexander Zverev. Entonces ya anunci\u00f3 que no ve\u00eda mucho sentido a preparar la temporada de hierba y tener que volver luego a la de tierra para los Juegos.<\/p>\n","protected":false},"excerpt":{"rendered":"<p>Madrid.- El tenista espa\u00f1ol, Rafael Nadal ha indicado que no estar\u00e1 jugando en Wimbledon, luego de su eliminaci\u00f3n de Roland Garros, pero estar\u00e1 centrado en la participaci\u00f3n de los Juegos Ol\u00edmpicos, con el torneo de Bastad (Suecia) como preparaci\u00f3n. \u201cDurante mi rueda de prensa posterior al partido en Roland Garros me preguntaron sobre mi calendario [&hellip;]<\/p>\n","protected":false},"author":2,"featured_media":8314,"comment_status":"open","ping_status":"closed","sticky":false,"template":"","format":"standard","meta":{"_jetpack_memberships_contains_paid_content":false,"footnotes":""},"categories":[9,64],"tags":[843],"class_list":["post-15206","post","type-post","status-publish","format-standard","has-post-thumbnail","hentry","category-deportes","category-tenis","tag-rafael-nadal"],"jetpack_featured_media_url":"https:\/\/radiocresatelital.com\/wp-content\/uploads\/2023\/12\/rafael-nadal-miedo-dudas-australia.png","jetpack_sharing_enabled":true,"_links":{"self":[{"href":"https:\/\/radiocresatelital.com\/index.php?rest_route=\/wp\/v2\/posts\/15206","targetHints":{"allow":["GET"]}}],"collection":[{"href":"https:\/\/radiocresatelital.com\/index.php?rest_route=\/wp\/v2\/posts"}],"about":[{"href":"https:\/\/radiocresatelital.com\/index.php?rest_route=\/wp\/v2\/types\/post"}],"author":[{"embeddable":true,"href":"https:\/\/radiocresatelital.com\/index.php?rest_route=\/wp\/v2\/users\/2"}],"replies":[{"embeddable":true,"href":"https:\/\/radiocresatelital.com\/index.php?rest_route=%2Fwp%2Fv2%2Fcomments&post=15206"}],"version-history":[{"count":2,"href":"https:\/\/radiocresatelital.com\/index.php?rest_route=\/wp\/v2\/posts\/15206\/revisions"}],"predecessor-version":[{"id":15208,"href":"https:\/\/radiocresatelital.com\/index.php?rest_route=\/wp\/v2\/posts\/15206\/revisions\/15208"}],"wp:featuredmedia":[{"embeddable":true,"href":"https:\/\/radiocresatelital.com\/index.php?rest_route=\/wp\/v2\/media\/8314"}],"wp:attachment":[{"href":"https:\/\/radiocresatelital.com\/index.php?rest_route=%2Fwp%2Fv2%2Fmedia&parent=15206"}],"wp:term":[{"taxonomy":"category","embeddable":true,"href":"https:\/\/radiocresatelital.com\/index.php?rest_route=%2Fwp%2Fv2%2Fcategories&post=15206"},{"taxonomy":"post_tag","embeddable":true,"href":"https:\/\/radiocresatelital.com\/index.php?rest_route=%2Fwp%2Fv2%2Ftags&post=15206"}],"curies":[{"name":"wp","href":"https:\/\/api.w.org\/{rel}","templated":true}]}}