{"id":15172,"date":"2024-06-13T21:44:06","date_gmt":"2024-06-13T21:44:06","guid":{"rendered":"https:\/\/radiocresatelital.com\/?p=15172"},"modified":"2024-06-13T21:48:17","modified_gmt":"2024-06-13T21:48:17","slug":"formacion-del-movistar-best-pc-lista-para-la-vuelta-a-colombia","status":"publish","type":"post","link":"https:\/\/radiocresatelital.com\/?p=15172","title":{"rendered":"Formaci\u00f3n del Movistar Best PC lista para la Vuelta a Colombia"},"content":{"rendered":"<p>Bogot\u00e1.- Los siete integrantes del equipo continental ecuatoriano Movistar Best PC ya se encuentran en Boyac\u00e1, para el inicio de la edici\u00f3n 74 de la Vuelta a Colombia, prevista para este viernes con un pr\u00f3logo de 7.4 kil\u00f3metros en el Municipio de Macanal.<\/p>\n<p>Bayron Guam\u00e1, Santiago Montenegro, Richard Huera, Pablo Caicedo, Brayan Obando y Mart\u00edn L\u00f3pez, quienes de desplazaron desde Quito, y el colombiano Juan Diego Alba reconocieron hoy el trazado de la jornada inicial.<\/p>\n<p>\u201cSer\u00e1 una Vuelta muy dura, pero estamos bien preparados. Intentaremos sorprender en alguna etapa\u201d, dijo Mateo L\u00f3pez, el m\u00e1s joven de la n\u00f3mina con 19 a\u00f1os.<\/p>\n<p>Para Guam\u00e1, uno de los m\u00e1s experimentados, la idea es buscar un podio en alguna de las 10 jornadas en disputa. El \u2018Patr\u00f3n\u2019 cumplir\u00e1 39 a\u00f1os el d\u00eda que inicie el giro que re\u00fane a 174 ciclistas de todo el continente.<\/p>\n","protected":false},"excerpt":{"rendered":"<p>Bogot\u00e1.- Los siete integrantes del equipo continental ecuatoriano Movistar Best PC ya se encuentran en Boyac\u00e1, para el inicio de la edici\u00f3n 74 de la Vuelta a Colombia, prevista para este viernes con un pr\u00f3logo de 7.4 kil\u00f3metros en el Municipio de Macanal. Bayron Guam\u00e1, Santiago Montenegro, Richard Huera, Pablo Caicedo, Brayan Obando y Mart\u00edn [&hellip;]<\/p>\n","protected":false},"author":2,"featured_media":15174,"comment_status":"open","ping_status":"closed","sticky":false,"template":"","format":"standard","meta":{"_jetpack_memberships_contains_paid_content":false,"footnotes":""},"categories":[120,9],"tags":[1029,2513],"class_list":["post-15172","post","type-post","status-publish","format-standard","has-post-thumbnail","hentry","category-ciclismo","category-deportes","tag-movistar-best-pc","tag-vuelta-a-colombia"],"jetpack_featured_media_url":"https:\/\/radiocresatelital.com\/wp-content\/uploads\/2024\/06\/871be216-871c-4019-b264-0711f7672b18.jpg","jetpack_sharing_enabled":true,"_links":{"self":[{"href":"https:\/\/radiocresatelital.com\/index.php?rest_route=\/wp\/v2\/posts\/15172","targetHints":{"allow":["GET"]}}],"collection":[{"href":"https:\/\/radiocresatelital.com\/index.php?rest_route=\/wp\/v2\/posts"}],"about":[{"href":"https:\/\/radiocresatelital.com\/index.php?rest_route=\/wp\/v2\/types\/post"}],"author":[{"embeddable":true,"href":"https:\/\/radiocresatelital.com\/index.php?rest_route=\/wp\/v2\/users\/2"}],"replies":[{"embeddable":true,"href":"https:\/\/radiocresatelital.com\/index.php?rest_route=%2Fwp%2Fv2%2Fcomments&post=15172"}],"version-history":[{"count":1,"href":"https:\/\/radiocresatelital.com\/index.php?rest_route=\/wp\/v2\/posts\/15172\/revisions"}],"predecessor-version":[{"id":15173,"href":"https:\/\/radiocresatelital.com\/index.php?rest_route=\/wp\/v2\/posts\/15172\/revisions\/15173"}],"wp:featuredmedia":[{"embeddable":true,"href":"https:\/\/radiocresatelital.com\/index.php?rest_route=\/wp\/v2\/media\/15174"}],"wp:attachment":[{"href":"https:\/\/radiocresatelital.com\/index.php?rest_route=%2Fwp%2Fv2%2Fmedia&parent=15172"}],"wp:term":[{"taxonomy":"category","embeddable":true,"href":"https:\/\/radiocresatelital.com\/index.php?rest_route=%2Fwp%2Fv2%2Fcategories&post=15172"},{"taxonomy":"post_tag","embeddable":true,"href":"https:\/\/radiocresatelital.com\/index.php?rest_route=%2Fwp%2Fv2%2Ftags&post=15172"}],"curies":[{"name":"wp","href":"https:\/\/api.w.org\/{rel}","templated":true}]}}