{"id":1515,"date":"2023-07-25T20:18:14","date_gmt":"2023-07-25T20:18:14","guid":{"rendered":"https:\/\/radiocresatelital.com\/?p=1515"},"modified":"2023-07-25T20:18:14","modified_gmt":"2023-07-25T20:18:14","slug":"la-fuerza-de-tarea-conjunta-y-la-policia-nacional-estan-desplegadas-en-esmeraldas","status":"publish","type":"post","link":"https:\/\/radiocresatelital.com\/?p=1515","title":{"rendered":"La Fuerza de Tarea Conjunta y la Polic\u00eda Nacional est\u00e1n desplegadas en Esmeraldas"},"content":{"rendered":"<p>Esmeraldas.- El estado de excepci\u00f3n en los centros de privaci\u00f3n de libertad para enfrentar al crimen organizado y poner orden en las c\u00e1rceles ha generado la reacci\u00f3n de grupos delictivos en Esmeraldas, con actos violentos en varios puntos de la ciudad. La Fuerza de Tarea Conjunta y la Polic\u00eda Nacional est\u00e1n desplegadas en toda la provincia. Hasta las 14h00 se registra:<\/p>\n<p>\uf0b7 Amotinamiento en el Centro de Privaci\u00f3n de Libertad Esmeraldas. Hay 15 gu\u00edas penitenciarios y 2 ayudantes administrativos retenidos.<\/p>\n<p>\uf0b7 La Polic\u00eda Nacional cerc\u00f3 el sector de la gasolinera en la Av. Pedro Vicente Maldonado y Mej\u00eda por un presunto artefacto explosivo.<\/p>\n<p>\uf0b7 Un bus incinerado al ingreso del sector el Coral.<\/p>\n<p>\uf0b7 Incineraci\u00f3n de dos veh\u00edculos en sector del Colegio Inmaculada (barrio 20 Noviembre), y uno en el sector de la parada 10.<\/p>\n<p>\uf0b7 La Polic\u00eda recuper\u00f3 a rehenes que fueron tomados en la UPC del sector Guacharaca, donde se registran enfrentamientos y la detonaci\u00f3n de artefactos explosivos.<\/p>\n<p>\uf0b7 Efectivos de la fuerza p\u00fablica desactivaron artefacto explosivo en los exteriores de la Fiscal\u00eda.<\/p>\n<p>\uf0b7 Amenaza de atentados a las gasolineras de Petroecuador.<\/p>\n<p>\uf0b7 Elementos policiales descartaron la alerta de un artefacto explosivo en la gasolinera Potos\u00ed.<\/p>\n<p>\uf0b7 En el cant\u00f3n Quinind\u00e9, se hall\u00f3 un presunto artefacto explosivo en la gasolinera del redondel del Cristo.<\/p>\n<p>Para las 15:00 el Gobernador de Esmeraldas, Frickson Erazo, ha convocado al Comit\u00e9 de Seguridad de la provincia para evaluar las acciones implementadas.<\/p>\n","protected":false},"excerpt":{"rendered":"<p>Esmeraldas.- El estado de excepci\u00f3n en los centros de privaci\u00f3n de libertad para enfrentar al crimen organizado y poner orden en las c\u00e1rceles ha generado la reacci\u00f3n de grupos delictivos en Esmeraldas, con actos violentos en varios puntos de la ciudad. La Fuerza de Tarea Conjunta y la Polic\u00eda Nacional est\u00e1n desplegadas en toda la [&hellip;]<\/p>\n","protected":false},"author":2,"featured_media":1516,"comment_status":"open","ping_status":"closed","sticky":false,"template":"","format":"standard","meta":{"_jetpack_memberships_contains_paid_content":false,"footnotes":""},"categories":[13],"tags":[363,362],"class_list":["post-1515","post","type-post","status-publish","format-standard","has-post-thumbnail","hentry","category-noticias-nacionales","tag-fuerzas-armadas","tag-policia-nacional"],"jetpack_featured_media_url":"https:\/\/radiocresatelital.com\/wp-content\/uploads\/2023\/07\/militareslaspalmas.jpg","jetpack_sharing_enabled":true,"_links":{"self":[{"href":"https:\/\/radiocresatelital.com\/index.php?rest_route=\/wp\/v2\/posts\/1515","targetHints":{"allow":["GET"]}}],"collection":[{"href":"https:\/\/radiocresatelital.com\/index.php?rest_route=\/wp\/v2\/posts"}],"about":[{"href":"https:\/\/radiocresatelital.com\/index.php?rest_route=\/wp\/v2\/types\/post"}],"author":[{"embeddable":true,"href":"https:\/\/radiocresatelital.com\/index.php?rest_route=\/wp\/v2\/users\/2"}],"replies":[{"embeddable":true,"href":"https:\/\/radiocresatelital.com\/index.php?rest_route=%2Fwp%2Fv2%2Fcomments&post=1515"}],"version-history":[{"count":1,"href":"https:\/\/radiocresatelital.com\/index.php?rest_route=\/wp\/v2\/posts\/1515\/revisions"}],"predecessor-version":[{"id":1517,"href":"https:\/\/radiocresatelital.com\/index.php?rest_route=\/wp\/v2\/posts\/1515\/revisions\/1517"}],"wp:featuredmedia":[{"embeddable":true,"href":"https:\/\/radiocresatelital.com\/index.php?rest_route=\/wp\/v2\/media\/1516"}],"wp:attachment":[{"href":"https:\/\/radiocresatelital.com\/index.php?rest_route=%2Fwp%2Fv2%2Fmedia&parent=1515"}],"wp:term":[{"taxonomy":"category","embeddable":true,"href":"https:\/\/radiocresatelital.com\/index.php?rest_route=%2Fwp%2Fv2%2Fcategories&post=1515"},{"taxonomy":"post_tag","embeddable":true,"href":"https:\/\/radiocresatelital.com\/index.php?rest_route=%2Fwp%2Fv2%2Ftags&post=1515"}],"curies":[{"name":"wp","href":"https:\/\/api.w.org\/{rel}","templated":true}]}}