{"id":15139,"date":"2024-06-13T16:28:16","date_gmt":"2024-06-13T16:28:16","guid":{"rendered":"https:\/\/radiocresatelital.com\/?p=15139"},"modified":"2024-06-13T16:28:16","modified_gmt":"2024-06-13T16:28:16","slug":"grupo-de-parlamentarios-amazonicos-piden-reunirse-con-daniel-noboa","status":"publish","type":"post","link":"https:\/\/radiocresatelital.com\/?p=15139","title":{"rendered":"Grupo de Parlamentarios Amaz\u00f3nicos piden reunirse con Daniel Noboa"},"content":{"rendered":"<p>Quito.- Hoy, el grupo Parlamentario Tem\u00e1tico Amaz\u00f3nico de la Asamblea Nacional, anunci\u00f3 que se va a tratar un exhorto al ejecutivo para que se haga la Declaratoria de una Emergencia Amaz\u00f3nica, por los problemas graves y urgentes que atraviesa la Amazon\u00eda.<\/p>\n<p>Tenemos situaciones que resolver y atender por el medio ambiente, conservaci\u00f3n, vialidad, salud, turismo por nuestra p\u00e9sima econom\u00eda,pese a que somos la regi\u00f3n mas productiva tenemos los porcentajes de pobreza mas altos, asever\u00f3 la parlamentaria.<\/p>\n<div style=\"width: 640px;\" class=\"wp-video\"><video class=\"wp-video-shortcode\" id=\"video-15139-1\" width=\"640\" height=\"360\" preload=\"metadata\" controls=\"controls\"><source type=\"video\/mp4\" src=\"https:\/\/radiocresatelital.com\/wp-content\/uploads\/2024\/06\/448360653_7870959859632537_2013349146387776285_n.mp4?_=1\" \/><a href=\"https:\/\/radiocresatelital.com\/wp-content\/uploads\/2024\/06\/448360653_7870959859632537_2013349146387776285_n.mp4\">https:\/\/radiocresatelital.com\/wp-content\/uploads\/2024\/06\/448360653_7870959859632537_2013349146387776285_n.mp4<\/a><\/video><\/div>\n<p>&nbsp;<\/p>\n","protected":false},"excerpt":{"rendered":"<p>Quito.- Hoy, el grupo Parlamentario Tem\u00e1tico Amaz\u00f3nico de la Asamblea Nacional, anunci\u00f3 que se va a tratar un exhorto al ejecutivo para que se haga la Declaratoria de una Emergencia Amaz\u00f3nica, por los problemas graves y urgentes que atraviesa la Amazon\u00eda. Tenemos situaciones que resolver y atender por el medio ambiente, conservaci\u00f3n, vialidad, salud, turismo [&hellip;]<\/p>\n","protected":false},"author":3,"featured_media":15141,"comment_status":"open","ping_status":"closed","sticky":false,"template":"","format":"standard","meta":{"_jetpack_memberships_contains_paid_content":false,"footnotes":""},"categories":[13],"tags":[2510],"class_list":["post-15139","post","type-post","status-publish","format-standard","has-post-thumbnail","hentry","category-noticias-nacionales","tag-amazonia"],"jetpack_featured_media_url":"https:\/\/radiocresatelital.com\/wp-content\/uploads\/2024\/06\/amazonia-ecuador.jpg","jetpack_sharing_enabled":true,"_links":{"self":[{"href":"https:\/\/radiocresatelital.com\/index.php?rest_route=\/wp\/v2\/posts\/15139","targetHints":{"allow":["GET"]}}],"collection":[{"href":"https:\/\/radiocresatelital.com\/index.php?rest_route=\/wp\/v2\/posts"}],"about":[{"href":"https:\/\/radiocresatelital.com\/index.php?rest_route=\/wp\/v2\/types\/post"}],"author":[{"embeddable":true,"href":"https:\/\/radiocresatelital.com\/index.php?rest_route=\/wp\/v2\/users\/3"}],"replies":[{"embeddable":true,"href":"https:\/\/radiocresatelital.com\/index.php?rest_route=%2Fwp%2Fv2%2Fcomments&post=15139"}],"version-history":[{"count":1,"href":"https:\/\/radiocresatelital.com\/index.php?rest_route=\/wp\/v2\/posts\/15139\/revisions"}],"predecessor-version":[{"id":15142,"href":"https:\/\/radiocresatelital.com\/index.php?rest_route=\/wp\/v2\/posts\/15139\/revisions\/15142"}],"wp:featuredmedia":[{"embeddable":true,"href":"https:\/\/radiocresatelital.com\/index.php?rest_route=\/wp\/v2\/media\/15141"}],"wp:attachment":[{"href":"https:\/\/radiocresatelital.com\/index.php?rest_route=%2Fwp%2Fv2%2Fmedia&parent=15139"}],"wp:term":[{"taxonomy":"category","embeddable":true,"href":"https:\/\/radiocresatelital.com\/index.php?rest_route=%2Fwp%2Fv2%2Fcategories&post=15139"},{"taxonomy":"post_tag","embeddable":true,"href":"https:\/\/radiocresatelital.com\/index.php?rest_route=%2Fwp%2Fv2%2Ftags&post=15139"}],"curies":[{"name":"wp","href":"https:\/\/api.w.org\/{rel}","templated":true}]}}