{"id":15038,"date":"2024-06-11T16:14:42","date_gmt":"2024-06-11T16:14:42","guid":{"rendered":"https:\/\/radiocresatelital.com\/?p=15038"},"modified":"2024-06-11T20:31:21","modified_gmt":"2024-06-11T20:31:21","slug":"15038","status":"publish","type":"post","link":"https:\/\/radiocresatelital.com\/?p=15038","title":{"rendered":"Defensor del Pueblo encargado habla de las personas privadas de libertad"},"content":{"rendered":"<p>Guayaquil.- Cesar C\u00f3rdova, Defensor del Pueblo encargado, se refiri\u00f3 hoy en Ecuavisa a la situaci\u00f3n alimentaria de las personas privadas de la libertad en los Centros Penitenciarios del pa\u00eds.<\/p>\n<p>\u00abNosotros hemos realizado durante abril y mayo 82 visitas a todos los centros de rehabilitaci\u00f3n, en el cual, hemos podido comprobar posibles agresiones a los PPL\u201d y agrego que se ha presentado denuncias en Fiscal\u00eda para que investigue presuntas vulneraciones a los derechos humanos.<\/p>\n<p>As\u00ed tambi\u00e9n, C\u00f3rdova dijo que los presos est\u00e1n recibiendo una sola raci\u00f3n de comida al d\u00eda, cuando la norma indica que deben ser 3.<\/p>\n","protected":false},"excerpt":{"rendered":"<p>Guayaquil.- Cesar C\u00f3rdova, Defensor del Pueblo encargado, se refiri\u00f3 hoy en Ecuavisa a la situaci\u00f3n alimentaria de las personas privadas de la libertad en los Centros Penitenciarios del pa\u00eds. \u00abNosotros hemos realizado durante abril y mayo 82 visitas a todos los centros de rehabilitaci\u00f3n, en el cual, hemos podido comprobar posibles agresiones a los PPL\u201d [&hellip;]<\/p>\n","protected":false},"author":3,"featured_media":15039,"comment_status":"open","ping_status":"closed","sticky":false,"template":"","format":"standard","meta":{"_jetpack_memberships_contains_paid_content":false,"footnotes":""},"categories":[1],"tags":[],"class_list":["post-15038","post","type-post","status-publish","format-standard","has-post-thumbnail","hentry","category-publicidad"],"jetpack_featured_media_url":"https:\/\/radiocresatelital.com\/wp-content\/uploads\/2024\/06\/IMG_20240611_111359.jpg","jetpack_sharing_enabled":true,"_links":{"self":[{"href":"https:\/\/radiocresatelital.com\/index.php?rest_route=\/wp\/v2\/posts\/15038","targetHints":{"allow":["GET"]}}],"collection":[{"href":"https:\/\/radiocresatelital.com\/index.php?rest_route=\/wp\/v2\/posts"}],"about":[{"href":"https:\/\/radiocresatelital.com\/index.php?rest_route=\/wp\/v2\/types\/post"}],"author":[{"embeddable":true,"href":"https:\/\/radiocresatelital.com\/index.php?rest_route=\/wp\/v2\/users\/3"}],"replies":[{"embeddable":true,"href":"https:\/\/radiocresatelital.com\/index.php?rest_route=%2Fwp%2Fv2%2Fcomments&post=15038"}],"version-history":[{"count":3,"href":"https:\/\/radiocresatelital.com\/index.php?rest_route=\/wp\/v2\/posts\/15038\/revisions"}],"predecessor-version":[{"id":15043,"href":"https:\/\/radiocresatelital.com\/index.php?rest_route=\/wp\/v2\/posts\/15038\/revisions\/15043"}],"wp:featuredmedia":[{"embeddable":true,"href":"https:\/\/radiocresatelital.com\/index.php?rest_route=\/wp\/v2\/media\/15039"}],"wp:attachment":[{"href":"https:\/\/radiocresatelital.com\/index.php?rest_route=%2Fwp%2Fv2%2Fmedia&parent=15038"}],"wp:term":[{"taxonomy":"category","embeddable":true,"href":"https:\/\/radiocresatelital.com\/index.php?rest_route=%2Fwp%2Fv2%2Fcategories&post=15038"},{"taxonomy":"post_tag","embeddable":true,"href":"https:\/\/radiocresatelital.com\/index.php?rest_route=%2Fwp%2Fv2%2Ftags&post=15038"}],"curies":[{"name":"wp","href":"https:\/\/api.w.org\/{rel}","templated":true}]}}