{"id":15021,"date":"2024-06-10T20:15:35","date_gmt":"2024-06-10T20:15:35","guid":{"rendered":"https:\/\/radiocresatelital.com\/?p=15021"},"modified":"2024-06-10T22:17:55","modified_gmt":"2024-06-10T22:17:55","slug":"ecuador-lidera-una-historica-hoja-de-ruta-para-reducir-la-contaminacion-por-plasticos","status":"publish","type":"post","link":"https:\/\/radiocresatelital.com\/?p=15021","title":{"rendered":"Ecuador lidera una hist\u00f3rica hoja de ruta para reducir la contaminaci\u00f3n por pl\u00e1sticos"},"content":{"rendered":"<p>Quito.- El Gobierno de Ecuador, a trav\u00e9s del Ministerio de Relaciones Exteriores y Movilidad Humana, Ministerio de Ambiente, Agua y Transici\u00f3n Ecol\u00f3gica, y Ministerio de Producci\u00f3n, Comercio Exterior, Inversiones y Pescas, con el apoyo del Global Plastic Action Partnership (GPAP) y WWF-Ecuador, present\u00f3 la \u00a0Hoja de Ruta de Acci\u00f3n para los Pl\u00e1sticos, la cual fue creada por un equipo de expertos en un proceso participativo con los \u00a0actores de la cadena de valor de pl\u00e1sticos como sector p\u00fablico, sector privado, sociedad civil, academia y sector informal.<\/p>\n<p>Esto se da un mes despu\u00e9s del cierre de la cuarta sesi\u00f3n del Comit\u00e9 Intergubernamental de Negociaci\u00f3n (INC-4), con el fin de elaborar un tratado Global sobre Pl\u00e1sticos. De esta manera, el pa\u00eds se prepara para la quinta y \u00faltima sesi\u00f3n de negociaciones que se llevar\u00e1 a cabo del 25 de noviembre al 1ro de diciembre en Busan, Rep\u00fablica de Corea.<\/p>\n<p>La Hoja de Ruta es parte de la \u201cPlataforma de Acci\u00f3n para los Pl\u00e1sticos NPAP-Ecuador\u201d. En su primera etapa, se recopil\u00f3 informaci\u00f3n que revel\u00f3 que Ecuador gener\u00f3\u00a0 627 mil toneladas de residuos pl\u00e1sticos municipales en el a\u00f1o 2022. Esto significa que, en promedio, cada persona en el pa\u00eds genera alrededor de 34.8 kg de basura pl\u00e1stica al a\u00f1o. Del total de esos residuos, el 40% se gestion\u00f3 de\u00a0 manera inadecuada, al ser depositado en botaderos, quemados a cielo abierto, o dejando que se conviertan en contaminaci\u00f3n terrestre o acu\u00e1tica, lo cual causa graves impactos al ambiente. Finalmente, se expuso que tan solo el 7,7% de los residuos se reciclan, mientras que el 52% restante se deposita en rellenos sanitarios que cumplen con las normativas t\u00e9cnicas y ambientales.<\/p>\n<p>Frente a esta realidad, la Hoja de Ruta incluye proyecciones de dos escenarios a futuro creados con la herramienta de an\u00e1lisis nacional y herramienta de modelaci\u00f3n \u201cNational Analysis and Modelling Tool\u201d del Global Plastic Action Partnership (GPAP). Las modelaciones realizadas indican que la contaminaci\u00f3n por pl\u00e1sticos se agravar\u00e1 en un futuro para Ecuador, por lo que es imperativo que se tomen todas las medidas necesarias para generar cambios en el sistema de pl\u00e1sticos hacia una econom\u00eda circular\u201d, se\u00f1al\u00f3 Clemence Schmid Directora de GPAP.\u00a0 Por un lado, en el\u00a0 escenario \u201cNegocio Habitual\u201d,en el cual no se llevan a cabo intervenciones adicionales a las actuales, proyecta que la generaci\u00f3n de residuos pl\u00e1sticos para el a\u00f1o 2040 alcanzar\u00eda las 1,140 millones de toneladas, representando un incremento del 82% en comparaci\u00f3n con el a\u00f1o 2022. En este escenario, m\u00e1s del 41% del total de residuos pl\u00e1sticos generados ser\u00e1n gestionados de manera inadecuada.<\/p>\n<p>Por otro lado, en caso de aplicarse el escenario propuesto denominado \u00abCambio de Sistema\u00bb, donde se han evaluado diversas intervenciones que abarcan todo el ciclo de vida de los pl\u00e1sticos, se estima que Ecuador podr\u00eda alcanzar una circularidad del 45% para el a\u00f1o 2040. Esto se traduce en una reducci\u00f3n proyectada del 60% en la contaminaci\u00f3n por pl\u00e1sticos en comparaci\u00f3n con el a\u00f1o 2022.<\/p>\n<p>\u201cEs importante reconocer que no existe una \u00fanica intervenci\u00f3n que por s\u00ed sola logre poner fin a la contaminaci\u00f3n por pl\u00e1sticos. Debemos actuar desde una visi\u00f3n sist\u00e9mica, en lugar de enfocarnos en esfuerzos fragmentados\u201d, afirma Andr\u00e9s Silva, Oficial de Pol\u00edtica de Pl\u00e1sticos\u00a0 en WWF Am\u00e9rica Latina y el Caribe.<\/p>\n<p>La hoja de ruta presentada fomenta una transici\u00f3n justa y fundamentada en un an\u00e1lisis exhaustivo del contexto social, considerando aspectos desde una perspectiva de g\u00e9nero para que el cambio beneficie e incluya a las personas y grupos de personas parte de la cadena de valor de los pl\u00e1sticos, especialmente las m\u00e1s vulnerables.<\/p>\n<p>Son 5 ejes claves, los necesarios para reducir la contaminaci\u00f3n por pl\u00e1sticos en el Ecuador:<\/p>\n<ol>\n<li>Adoptar una perspectiva preventiva para disminuir la generaci\u00f3n de residuos pl\u00e1sticos, priorizando esfuerzos en eliminaci\u00f3n y re\u00faso.<\/li>\n<\/ol>\n<ol start=\"2\">\n<li>Incentivar la innovaci\u00f3n para migrar a sustitutos no pl\u00e1sticos y pl\u00e1sticos alternativos que no generen impactos ambientales, sociales y de salud negativos.<\/li>\n<\/ol>\n<ol start=\"3\">\n<li>Incrementar la cobertura de recolecci\u00f3n y crear sitios de disposici\u00f3n adecuada para los residuos, como medida en el corto plazo para reducir la contaminaci\u00f3n pl\u00e1stica en Ecuador.<\/li>\n<\/ol>\n<ol start=\"4\">\n<li>Estimular el reciclaje con un enfoque inclusivo y garantizando condiciones justas para los trabajadores, a trav\u00e9s del redise\u00f1o e implementaci\u00f3n de mejores sistemas. \u200b\u200b<\/li>\n<\/ol>\n<ol start=\"5\">\n<li>Mejorar la recopilaci\u00f3n y gesti\u00f3n de datos para alinear esfuerzos estrat\u00e9gicos entre agencias gubernamentales, sector privado y sociedad civil.<\/li>\n<\/ol>\n","protected":false},"excerpt":{"rendered":"<p>Quito.- El Gobierno de Ecuador, a trav\u00e9s del Ministerio de Relaciones Exteriores y Movilidad Humana, Ministerio de Ambiente, Agua y Transici\u00f3n Ecol\u00f3gica, y Ministerio de Producci\u00f3n, Comercio Exterior, Inversiones y Pescas, con el apoyo del Global Plastic Action Partnership (GPAP) y WWF-Ecuador, present\u00f3 la \u00a0Hoja de Ruta de Acci\u00f3n para los Pl\u00e1sticos, la cual fue [&hellip;]<\/p>\n","protected":false},"author":2,"featured_media":15022,"comment_status":"open","ping_status":"closed","sticky":false,"template":"","format":"standard","meta":{"_jetpack_memberships_contains_paid_content":false,"footnotes":""},"categories":[1],"tags":[1434,2495,2494],"class_list":["post-15021","post","type-post","status-publish","format-standard","has-post-thumbnail","hentry","category-publicidad","tag-agua-y-transicion-ecologica","tag-ministerio-de-ambiente","tag-ministerio-de-relaciones-exteriores"],"jetpack_featured_media_url":"https:\/\/radiocresatelital.com\/wp-content\/uploads\/2024\/06\/777343ec-3987-4489-bc37-8ba708102da1.jpg","jetpack_sharing_enabled":true,"_links":{"self":[{"href":"https:\/\/radiocresatelital.com\/index.php?rest_route=\/wp\/v2\/posts\/15021","targetHints":{"allow":["GET"]}}],"collection":[{"href":"https:\/\/radiocresatelital.com\/index.php?rest_route=\/wp\/v2\/posts"}],"about":[{"href":"https:\/\/radiocresatelital.com\/index.php?rest_route=\/wp\/v2\/types\/post"}],"author":[{"embeddable":true,"href":"https:\/\/radiocresatelital.com\/index.php?rest_route=\/wp\/v2\/users\/2"}],"replies":[{"embeddable":true,"href":"https:\/\/radiocresatelital.com\/index.php?rest_route=%2Fwp%2Fv2%2Fcomments&post=15021"}],"version-history":[{"count":1,"href":"https:\/\/radiocresatelital.com\/index.php?rest_route=\/wp\/v2\/posts\/15021\/revisions"}],"predecessor-version":[{"id":15023,"href":"https:\/\/radiocresatelital.com\/index.php?rest_route=\/wp\/v2\/posts\/15021\/revisions\/15023"}],"wp:featuredmedia":[{"embeddable":true,"href":"https:\/\/radiocresatelital.com\/index.php?rest_route=\/wp\/v2\/media\/15022"}],"wp:attachment":[{"href":"https:\/\/radiocresatelital.com\/index.php?rest_route=%2Fwp%2Fv2%2Fmedia&parent=15021"}],"wp:term":[{"taxonomy":"category","embeddable":true,"href":"https:\/\/radiocresatelital.com\/index.php?rest_route=%2Fwp%2Fv2%2Fcategories&post=15021"},{"taxonomy":"post_tag","embeddable":true,"href":"https:\/\/radiocresatelital.com\/index.php?rest_route=%2Fwp%2Fv2%2Ftags&post=15021"}],"curies":[{"name":"wp","href":"https:\/\/api.w.org\/{rel}","templated":true}]}}