{"id":15006,"date":"2024-06-10T21:55:42","date_gmt":"2024-06-10T21:55:42","guid":{"rendered":"https:\/\/radiocresatelital.com\/?p=15006"},"modified":"2024-06-10T21:55:42","modified_gmt":"2024-06-10T21:55:42","slug":"casa-ecuador-paris-2024-estara-presente-en-los-juegos-olimpicos","status":"publish","type":"post","link":"https:\/\/radiocresatelital.com\/?p=15006","title":{"rendered":"Casa Ecuador Par\u00eds 2024 estar\u00e1 presente en los Juegos Ol\u00edmpicos"},"content":{"rendered":"<p>Guayaquil.- Por primera vez en la historia de los Juegos Ol\u00edmpicos, Ecuador tendr\u00e1 en Par\u00eds su Centro Cultural denominado \u00abCasa Ecuador\u00bb, la cual recrear\u00e1 y presentar\u00e1 toda la cultura, naturaleza y gastronom\u00eda que tiene nuestro pa\u00eds, ante los ojos del mundo.<\/p>\n<p>En el acto que se llev\u00f3 a cabo en el Centro de Convenciones de Guayaquil, participaron los ministros de Deporte (Andr\u00e9s Guschmer), Turismo (Niels Olsen), Ambiente (Sade Fritschi), Cultura (Romina Mu\u00f1oz), as\u00ed como el presidente del Comit\u00e9 Ol\u00edmpico Ecuatoriano (COE), Jos\u00e9 Delgado.<\/p>\n<p>\u00abDesde hace mucho tiempo hemos trabajado para posicionar al pa\u00eds en lo m\u00e1s alto del mundo a trav\u00e9s de la cultura y el deporte. Este es el inicio de Casa Ecuador Par\u00eds 2024, la cual estar\u00e1, no solo en los Juegos Ol\u00edmpicos, sino en los principales eventos de todo el planeta. Estamos contentos por este gran inicio de exponer al pa\u00eds ante todos\u00bb, se\u00f1al\u00f3 Luis Felipe Fern\u00e1ndez -Salvador y Campod\u00f3nico, presidente de la Fundaci\u00f3n Identidad Nacional, creador de esta gran iniciativa.<\/p>\n<p>Este proyecto tendr\u00e1 una r\u00e9plica del Parque Nacional Yasun\u00ed, y se expondr\u00e1 en el Hotel Herouet, un castillo construido en 1503 y que es considerado como la \u00fanica propiedad privada de estilo g\u00f3tico en todo Par\u00eds. Adem\u00e1s, habr\u00e1 stand de artesan\u00edas, comida, exhibici\u00f3n de productos como el chocolate, caf\u00e9 y el tradicional al sombrero de paja toquilla.<\/p>\n<p>\u00abMe alegra mucho que Ecuador tenga su casa en unos Juegos Ol\u00edmpicos. Agradezco a las personas, empresas y Gobierno Nacional,que acogieron est\u00e1 iniciativa y que hoy estar\u00e1 plasmada en Par\u00eds 2024\u00bb, expres\u00f3 Delgado, m\u00e1ximo representante ol\u00edmpico en el Ecuador.<\/p>\n<p>Hasta el momento Ecuador tiene 29 deportistas clasificados a los Juegos Ol\u00edmpicos de Par\u00eds. Ante esto, el ministro Andr\u00e9s Guschmer, destac\u00f3 la idea de que m\u00e1s deportistas del mundo conozcan un pedacito de Ecuador.<\/p>\n<p>\u00abEcuador estar\u00e1 en Par\u00eds y muchos visitantes y deportistas podr\u00e1n conocer a nuestros pa\u00eds, las maravillas que tenemos y lo genial que significa ser ecuatoriano. La cuenta regresiva empez\u00f3 para ver a nuestros deportistas pelear por una medalla\u00bb, manifest\u00f3 Guschmer.<\/p>\n<p>Casa Ecuador, estar\u00e1 habilitada desde el 25 al 31 de julio, sin costo a los visitantes y solamente estar\u00e1 presente en los Juegos Ol\u00edmpicos, m\u00e1s no en los Paral\u00edmpicos que se realizar\u00e1n pocos d\u00edas despu\u00e9s en la misma ciudad.<\/p>\n","protected":false},"excerpt":{"rendered":"<p>Guayaquil.- Por primera vez en la historia de los Juegos Ol\u00edmpicos, Ecuador tendr\u00e1 en Par\u00eds su Centro Cultural denominado \u00abCasa Ecuador\u00bb, la cual recrear\u00e1 y presentar\u00e1 toda la cultura, naturaleza y gastronom\u00eda que tiene nuestro pa\u00eds, ante los ojos del mundo. En el acto que se llev\u00f3 a cabo en el Centro de Convenciones de [&hellip;]<\/p>\n","protected":false},"author":2,"featured_media":15007,"comment_status":"open","ping_status":"closed","sticky":false,"template":"","format":"standard","meta":{"_jetpack_memberships_contains_paid_content":false,"footnotes":""},"categories":[9,1041],"tags":[1805],"class_list":["post-15006","post","type-post","status-publish","format-standard","has-post-thumbnail","hentry","category-deportes","category-juegos-olimpicos","tag-juegos-olimpicos-paris-2024"],"jetpack_featured_media_url":"https:\/\/radiocresatelital.com\/wp-content\/uploads\/2024\/06\/WhatsApp-Image-2024-06-10-at-13.36.08-1536x1024-1.jpeg","jetpack_sharing_enabled":true,"_links":{"self":[{"href":"https:\/\/radiocresatelital.com\/index.php?rest_route=\/wp\/v2\/posts\/15006","targetHints":{"allow":["GET"]}}],"collection":[{"href":"https:\/\/radiocresatelital.com\/index.php?rest_route=\/wp\/v2\/posts"}],"about":[{"href":"https:\/\/radiocresatelital.com\/index.php?rest_route=\/wp\/v2\/types\/post"}],"author":[{"embeddable":true,"href":"https:\/\/radiocresatelital.com\/index.php?rest_route=\/wp\/v2\/users\/2"}],"replies":[{"embeddable":true,"href":"https:\/\/radiocresatelital.com\/index.php?rest_route=%2Fwp%2Fv2%2Fcomments&post=15006"}],"version-history":[{"count":1,"href":"https:\/\/radiocresatelital.com\/index.php?rest_route=\/wp\/v2\/posts\/15006\/revisions"}],"predecessor-version":[{"id":15008,"href":"https:\/\/radiocresatelital.com\/index.php?rest_route=\/wp\/v2\/posts\/15006\/revisions\/15008"}],"wp:featuredmedia":[{"embeddable":true,"href":"https:\/\/radiocresatelital.com\/index.php?rest_route=\/wp\/v2\/media\/15007"}],"wp:attachment":[{"href":"https:\/\/radiocresatelital.com\/index.php?rest_route=%2Fwp%2Fv2%2Fmedia&parent=15006"}],"wp:term":[{"taxonomy":"category","embeddable":true,"href":"https:\/\/radiocresatelital.com\/index.php?rest_route=%2Fwp%2Fv2%2Fcategories&post=15006"},{"taxonomy":"post_tag","embeddable":true,"href":"https:\/\/radiocresatelital.com\/index.php?rest_route=%2Fwp%2Fv2%2Ftags&post=15006"}],"curies":[{"name":"wp","href":"https:\/\/api.w.org\/{rel}","templated":true}]}}