{"id":14928,"date":"2024-06-07T22:16:25","date_gmt":"2024-06-07T22:16:25","guid":{"rendered":"https:\/\/radiocresatelital.com\/?p=14928"},"modified":"2024-06-07T22:16:25","modified_gmt":"2024-06-07T22:16:25","slug":"un-total-de-123-medicos-familiares-y-comunitarios-y-79-enfermeras-se-forman-en-programas-afines-a-su-carrera","status":"publish","type":"post","link":"https:\/\/radiocresatelital.com\/?p=14928","title":{"rendered":"Un total de 123 m\u00e9dicos familiares y comunitarios y 79 enfermeras se forman en programas afines a su carrera"},"content":{"rendered":"<p>Quito.-\u00a0El Ministerio de Salud P\u00fablica (MSP) prioriza que los posgradistas de medicina y enfermer\u00eda familiar y comunitaria reciban capacitaciones vinculadas a enfermedades, como el infarto agudo de miocardio (IAM) y el ataque cerebrovascular (ACV) que son de inter\u00e9s para aportar a la reducci\u00f3n de los efectos adversos del S\u00edndrome Coronario Agudo.<\/p>\n<p>EI m\u00e9dico de familia comprende el contexto de la enfermedad, la analiza tanto fuera de su ambiente como dentro de \u00e9l y busca conocer sus variaciones. Es un profesional que aborda los problemas m\u00e1s frecuentes, garantiza el manejo adecuado del 80% o m\u00e1s de los problemas que padecen los individuos, las familias y las comunidades.<\/p>\n<p>En tal virtud, el 5 de junio de 2024, se desarroll\u00f3 el lanzamiento de los cursos con los estudiantes que actualmente se encuentran en proceso de formaci\u00f3n de esta rama. Son 123 m\u00e9dicos familiares y comunitarios y, 79 enfermeras. El taller busca mantener actualizados a los profesionales en cuanto a gu\u00edas de pr\u00e1cticas cl\u00ednicas avaladas a nivel internacional, manejar el funcionamiento de la plataforma ECO Academy y establecer las fechas de los cursos pr\u00e1cticos de lectura e interpretaci\u00f3n de electrocardiograma con casos de la vida real.<\/p>\n<p>Mar\u00eda Jos\u00e9 Mancheno, especialista en enfermedades cardiovasculares y cerebrovasculares, destac\u00f3 que el proyecto enmarca la posibilidad de potenciar nuestra educaci\u00f3n en estas patolog\u00edas. \u201cComo profesionales de la salud somos actores en la fase hiperaguda de la ruta de nuestros pacientes en donde nuestra decisi\u00f3n va a enmarcar la pauta de un tratamiento efectivo para nuestro paciente. Nuestro aprendizaje debe ser continuo\u201d, a\u00f1adi\u00f3 Mancheno.<\/p>\n<p>Jorge Bucaram, director de Fortalecimiento de Carrera Sanitaria del MSP, dijo que \u201clos sistemas de salud aceptan la triple misi\u00f3n: asistencial, docencia e investigaci\u00f3n y, ninguna de ellas esta desvinculada a la academia. Es por esto que este tipo de programas demuestra a la comunidad cient\u00edfica que el trabajo en conjunto da mejores y mayores resultados que las acciones individuales\u201d.<\/p>\n<p>El MSP busca mejorar la formaci\u00f3n de profesionales en el \u00e1rea de salud sobre todo con los que son la puerta de entrada al Sistema Nacional de Salud que es la atenci\u00f3n primaria, m\u00e1s a\u00fan con el posgrado de enfermer\u00eda y de medicina familiar y comunitaria. \u201cEl objetivo es brindar herramientas de informaci\u00f3n de nivel internacional que les permita estar preparados para cualquier escenario cl\u00ednico del d\u00eda a d\u00eda y que se pueda salvar una vida y prevenir una discapacidad. La pr\u00e1ctica y el desarrollo de casos cl\u00ednicos de la vida real permite operativizar los aprendizajes te\u00f3ricos\u201d, acot\u00f3 Bucaram.<\/p>\n<p>Adicionalmente, inform\u00f3 que hace mes y medio en coordinaci\u00f3n con el Consejo de Educaci\u00f3n Superior sacamos una asignaci\u00f3n que va a la materia de enfermedades cr\u00f3nicas metab\u00f3licas para que se involucre a la diabetes, la hipertensi\u00f3n y sobretodo a la obesidad desde materias de pregrado en Medicina, Enfermer\u00eda, Odontolog\u00eda, Nutrici\u00f3n y Obstetricia.<\/p>\n","protected":false},"excerpt":{"rendered":"<p>Quito.-\u00a0El Ministerio de Salud P\u00fablica (MSP) prioriza que los posgradistas de medicina y enfermer\u00eda familiar y comunitaria reciban capacitaciones vinculadas a enfermedades, como el infarto agudo de miocardio (IAM) y el ataque cerebrovascular (ACV) que son de inter\u00e9s para aportar a la reducci\u00f3n de los efectos adversos del S\u00edndrome Coronario Agudo. EI m\u00e9dico de familia [&hellip;]<\/p>\n","protected":false},"author":2,"featured_media":14929,"comment_status":"open","ping_status":"closed","sticky":false,"template":"","format":"standard","meta":{"_jetpack_memberships_contains_paid_content":false,"footnotes":""},"categories":[1],"tags":[148],"class_list":["post-14928","post","type-post","status-publish","format-standard","has-post-thumbnail","hentry","category-publicidad","tag-ministerio-de-salud-publica"],"jetpack_featured_media_url":"https:\/\/radiocresatelital.com\/wp-content\/uploads\/2024\/06\/WhatsApp-Image-2024-06-07-at-10.36.28-AM-1024x682-1.jpeg","jetpack_sharing_enabled":true,"_links":{"self":[{"href":"https:\/\/radiocresatelital.com\/index.php?rest_route=\/wp\/v2\/posts\/14928","targetHints":{"allow":["GET"]}}],"collection":[{"href":"https:\/\/radiocresatelital.com\/index.php?rest_route=\/wp\/v2\/posts"}],"about":[{"href":"https:\/\/radiocresatelital.com\/index.php?rest_route=\/wp\/v2\/types\/post"}],"author":[{"embeddable":true,"href":"https:\/\/radiocresatelital.com\/index.php?rest_route=\/wp\/v2\/users\/2"}],"replies":[{"embeddable":true,"href":"https:\/\/radiocresatelital.com\/index.php?rest_route=%2Fwp%2Fv2%2Fcomments&post=14928"}],"version-history":[{"count":1,"href":"https:\/\/radiocresatelital.com\/index.php?rest_route=\/wp\/v2\/posts\/14928\/revisions"}],"predecessor-version":[{"id":14930,"href":"https:\/\/radiocresatelital.com\/index.php?rest_route=\/wp\/v2\/posts\/14928\/revisions\/14930"}],"wp:featuredmedia":[{"embeddable":true,"href":"https:\/\/radiocresatelital.com\/index.php?rest_route=\/wp\/v2\/media\/14929"}],"wp:attachment":[{"href":"https:\/\/radiocresatelital.com\/index.php?rest_route=%2Fwp%2Fv2%2Fmedia&parent=14928"}],"wp:term":[{"taxonomy":"category","embeddable":true,"href":"https:\/\/radiocresatelital.com\/index.php?rest_route=%2Fwp%2Fv2%2Fcategories&post=14928"},{"taxonomy":"post_tag","embeddable":true,"href":"https:\/\/radiocresatelital.com\/index.php?rest_route=%2Fwp%2Fv2%2Ftags&post=14928"}],"curies":[{"name":"wp","href":"https:\/\/api.w.org\/{rel}","templated":true}]}}