{"id":14911,"date":"2024-06-06T20:13:43","date_gmt":"2024-06-06T20:13:43","guid":{"rendered":"https:\/\/radiocresatelital.com\/?p=14911"},"modified":"2024-06-06T23:15:02","modified_gmt":"2024-06-06T23:15:02","slug":"unacem-ecuador-y-la-pontificia-universidad-catolica-del-ecuador-se-unen-para-fortalecer-la-educacion-en-el-sector-de-la-construccion","status":"publish","type":"post","link":"https:\/\/radiocresatelital.com\/?p=14911","title":{"rendered":"UNACEM Ecuador y la Pontificia Universidad Cat\u00f3lica del Ecuador se unen para fortalecer la educaci\u00f3n en el sector de la construcci\u00f3n"},"content":{"rendered":"<p>Quito.- UNACEM Ecuador, empresa comprometida con la construcci\u00f3n de un mundo sostenible mediante sus soluciones integrales de cemento y hormig\u00f3n, y la Pontificia Universidad Cat\u00f3lica del Ecuador (PUCE), firmaron una alianza educativa para fortalecer la formaci\u00f3n de profesionales en el sector de la construcci\u00f3n. Esta colaboraci\u00f3n estrat\u00e9gica tiene como objetivo elevar los est\u00e1ndares educativos y contribuir al desarrollo de la construcci\u00f3n sostenible en el pa\u00eds.<\/p>\n<p>Durante la firma del convenio, UNACEM Ecuador entreg\u00f3 a su estudiante m\u00e1s destacado de la Escuela de Formaci\u00f3n Selvalegre, una beca completa para cursar la \u201cTecnolog\u00eda Superior en Construcci\u00f3n\u201d, impartida en la PUCE, cuyo objetivo es incidir en la profesionalizaci\u00f3n de los obreros del sector de la construcci\u00f3n.<\/p>\n<p>David Iles Pupiales, de 28 a\u00f1os y oriundo de Ibarra, expres\u00f3 su agradecimiento a UNACEM Ecuador por permitirle cumplir su sue\u00f1o profesional de convertirse en un destacado tecn\u00f3logo en la construcci\u00f3n. \u201cDesde muy joven me dedico a la construcci\u00f3n, he encontrado en esta actividad una pasi\u00f3n. Trabajo por las ma\u00f1anas en algunas obras (construcci\u00f3n), pero por la tarde me dedico a mis estudios, no voy a negar que es dif\u00edcil,<\/p>\n<p>pero estoy convencido que este es mi sue\u00f1o. Despu\u00e9s de esta tecnolog\u00eda seguir\u00e9 prepar\u00e1ndome para convertirme en un gran arquitecto\u201d, expres\u00f3.<\/p>\n<p>Los convenios de esta alianza est\u00e1n enmarcados en:<\/p>\n<p>\u00b7 Auspicio de becas a estudiantes de tecnolog\u00eda<\/p>\n<p>\u00b7 Uso de las plantas industriales de UNACEM Ecuador para impartir clases<\/p>\n<p>\u00b7 Aval acad\u00e9mico para la escuela de formaci\u00f3n Selvalegre y la Academia Selvalegre.<\/p>\n<p>\u00b7 Asociaci\u00f3n entre marcas<\/p>\n<p>\u00b7 Cofinanciaci\u00f3n de proyectos de investigaci\u00f3n.<\/p>\n<p>\u201cLa firma del convenio con UNACEM Ecuador simboliza el deseo y la voluntad de fortalecer una mirada m\u00e1s diversa en nuestras propuestas de vinculaci\u00f3n con la sociedad y abrir el panorama hacia las numerosas oportunidades de colaboraci\u00f3n entre el sector industrial y la academia\u201d, coment\u00f3 Christine Van Sluys, Decana de la Facultad de Arquitectura, Dise\u00f1o y Artes de la PUCE.<\/p>\n<p>Por su parte, David Montenegro, Gerente Comercial de UNACEM Ecuador, expres\u00f3: \u201cPara nuestra compa\u00f1\u00eda, la gesti\u00f3n de conocimiento es un eje transversal de nuestro accionar social y ambientalmente responsable. Estamos convencidos de que la educaci\u00f3n, adem\u00e1s de mejorar la calidad de vida de las personas, nos da acceso a las herramientas necesarias para desarrollar soluciones innovadoras a los problemas m\u00e1s grandes del mundo; por eso invertimos en programas que permitan a hombres y mujeres acceder a una formaci\u00f3n t\u00e9cnica, profesional y superior de calidad, incluida la ense\u00f1anza universitaria\u201d.<\/p>\n<p>Convencidos de la importancia del trabajo colaborativo con otros actores sociales, UNACEM Ecuador fomenta alianzas que promueven el desarrollo sostenible para procurar el bienestar de las presentes y futuras generaciones y la consecuci\u00f3n de los Objetivos de Desarrollo Sostenible incluidos en la Agenda 2030 de Naciones Unidas; en este caso espec\u00edfico, el ODS 4: Educaci\u00f3n de calidad.<\/p>\n","protected":false},"excerpt":{"rendered":"<p>Quito.- UNACEM Ecuador, empresa comprometida con la construcci\u00f3n de un mundo sostenible mediante sus soluciones integrales de cemento y hormig\u00f3n, y la Pontificia Universidad Cat\u00f3lica del Ecuador (PUCE), firmaron una alianza educativa para fortalecer la formaci\u00f3n de profesionales en el sector de la construcci\u00f3n. Esta colaboraci\u00f3n estrat\u00e9gica tiene como objetivo elevar los est\u00e1ndares educativos y [&hellip;]<\/p>\n","protected":false},"author":2,"featured_media":14912,"comment_status":"open","ping_status":"closed","sticky":false,"template":"","format":"standard","meta":{"_jetpack_memberships_contains_paid_content":false,"footnotes":""},"categories":[13],"tags":[172],"class_list":["post-14911","post","type-post","status-publish","format-standard","has-post-thumbnail","hentry","category-noticias-nacionales","tag-unacem-ecuador"],"jetpack_featured_media_url":"https:\/\/radiocresatelital.com\/wp-content\/uploads\/2024\/06\/thumbnail_Convenio-PUCE-foto.jpg","jetpack_sharing_enabled":true,"_links":{"self":[{"href":"https:\/\/radiocresatelital.com\/index.php?rest_route=\/wp\/v2\/posts\/14911","targetHints":{"allow":["GET"]}}],"collection":[{"href":"https:\/\/radiocresatelital.com\/index.php?rest_route=\/wp\/v2\/posts"}],"about":[{"href":"https:\/\/radiocresatelital.com\/index.php?rest_route=\/wp\/v2\/types\/post"}],"author":[{"embeddable":true,"href":"https:\/\/radiocresatelital.com\/index.php?rest_route=\/wp\/v2\/users\/2"}],"replies":[{"embeddable":true,"href":"https:\/\/radiocresatelital.com\/index.php?rest_route=%2Fwp%2Fv2%2Fcomments&post=14911"}],"version-history":[{"count":1,"href":"https:\/\/radiocresatelital.com\/index.php?rest_route=\/wp\/v2\/posts\/14911\/revisions"}],"predecessor-version":[{"id":14913,"href":"https:\/\/radiocresatelital.com\/index.php?rest_route=\/wp\/v2\/posts\/14911\/revisions\/14913"}],"wp:featuredmedia":[{"embeddable":true,"href":"https:\/\/radiocresatelital.com\/index.php?rest_route=\/wp\/v2\/media\/14912"}],"wp:attachment":[{"href":"https:\/\/radiocresatelital.com\/index.php?rest_route=%2Fwp%2Fv2%2Fmedia&parent=14911"}],"wp:term":[{"taxonomy":"category","embeddable":true,"href":"https:\/\/radiocresatelital.com\/index.php?rest_route=%2Fwp%2Fv2%2Fcategories&post=14911"},{"taxonomy":"post_tag","embeddable":true,"href":"https:\/\/radiocresatelital.com\/index.php?rest_route=%2Fwp%2Fv2%2Ftags&post=14911"}],"curies":[{"name":"wp","href":"https:\/\/api.w.org\/{rel}","templated":true}]}}