{"id":14902,"date":"2024-06-06T18:49:07","date_gmt":"2024-06-06T18:49:07","guid":{"rendered":"https:\/\/radiocresatelital.com\/?p=14902"},"modified":"2024-06-06T22:52:21","modified_gmt":"2024-06-06T22:52:21","slug":"ecuador-experimenta-una-masificacion-de-la-identidad-digital","status":"publish","type":"post","link":"https:\/\/radiocresatelital.com\/?p=14902","title":{"rendered":"Ecuador experimenta una masificaci\u00f3n  de la identidad digital"},"content":{"rendered":"<p>Quito.- La pandemia del COVID-19, la implementaci\u00f3n general de la facturaci\u00f3n electr\u00f3nica y el uso de la firma electr\u00f3nica para la gesti\u00f3n documental en el sector p\u00fablico fueron los elementos esenciales que incidieron en la masificaci\u00f3n de la identidad digital en el Ecuador.<\/p>\n<p>En la actualidad, la Agencia de Regulaci\u00f3n y Control de las Telecomunicaciones (ARCOTEL) realiza el levantamiento estad\u00edstico para determinar la cantidad de certificados electr\u00f3nicos emitidos por todas las empresas autorizadas a nivel nacional.<\/p>\n<p>Sin embargo, solo las entidades del sector p\u00fablico: Banco Central del Ecuador y Registro Civil, entregaron 42.723 certificados de firma electr\u00f3nica entre enero de 2023 y mayo del presente a\u00f1o, lo cual evidencia la gran demanda de esta herramienta digital, que ayuda en los procesos tributarios y bancarios, as\u00ed como a reducir los tiempos en temas contractuales, legales, entre otros.<\/p>\n<p>En el pa\u00eds existen 13 entidades autorizadas para emitir certificados electr\u00f3nicos, entre ellas Uanataca Ecuador S.A., que empez\u00f3 su operaci\u00f3n comercial desde julio de 2021 y que durante su trayectoria se ha destacado por la agilidad en la atenci\u00f3n y la calidad de sus productos.<\/p>\n<p>La empresa ofrece firma electr\u00f3nica en nube, de larga vigencia, en token o en archivo, y firma electr\u00f3nica One-Shot (de un solo uso). Tiene oficinas en Quito, Guayaquil, Manta y Cuenca, y a trav\u00e9s de partners la presencia llega a las 24 provincias del pa\u00eds.<\/p>\n<p>El CEO de Uanataca, Elias Barzallo, explica que uno de sus factores distintivos es la certificaci\u00f3n Adobe a nivel mundial. \u201cAs\u00ed cuando un documento se firma con nuestro certificado tiene el check verde de Adobe, que da mayor certeza a la instituci\u00f3n y al usuario final de la validez de la firma\u201d, asegura.<\/p>\n<p>Adem\u00e1s, la empresa cumple con los est\u00e1ndares de seguridad de la Uni\u00f3n Europea, convirti\u00e9ndose en un Prestador de Servicios de Confianza Global de Europa; tiene la ISO\/IEC 27001:2014 de seguridad de la informaci\u00f3n, la ISO 9001:2015 de calidad y certificaciones de Seguridad criptogr\u00e1fica.<\/p>\n<p>Estos altos est\u00e1ndares de control son esenciales para la operaci\u00f3n de Uanataca, que emite un certificado digital en 5 minutos, tras la respectiva validaci\u00f3n de la identidad de la persona.<\/p>\n<p>\u00abCuando un usuario usa una firma electr\u00f3nica se est\u00e1 autentificando digitalmente, y previamente nosotros hemos verificado esa identidad, de ah\u00ed la importancia de nuestras seguridades\u00bb, resalta Barzallo.<\/p>\n<p>En el 2022, Uanataca logr\u00f3 una participaci\u00f3n del 13% en el mercado de emisi\u00f3n de certificados digitales en el Ecuador; para el 2023 ascendi\u00f3 al 26%; y en el presente a\u00f1o, el objetivo es llegar al 44% del total.<\/p>\n<p>Seg\u00fan en el Ministerio de Telecomunicaciones, existe un crecimiento exponencial y sostenido del uso de la firma electr\u00f3nica, ratificando as\u00ed la masificaci\u00f3n de la identidad digital en el pa\u00eds.<\/p>\n","protected":false},"excerpt":{"rendered":"<p>Quito.- La pandemia del COVID-19, la implementaci\u00f3n general de la facturaci\u00f3n electr\u00f3nica y el uso de la firma electr\u00f3nica para la gesti\u00f3n documental en el sector p\u00fablico fueron los elementos esenciales que incidieron en la masificaci\u00f3n de la identidad digital en el Ecuador. En la actualidad, la Agencia de Regulaci\u00f3n y Control de las Telecomunicaciones [&hellip;]<\/p>\n","protected":false},"author":2,"featured_media":14903,"comment_status":"open","ping_status":"closed","sticky":false,"template":"","format":"standard","meta":{"_jetpack_memberships_contains_paid_content":false,"footnotes":""},"categories":[13],"tags":[2475],"class_list":["post-14902","post","type-post","status-publish","format-standard","has-post-thumbnail","hentry","category-noticias-nacionales","tag-uanataca-ecuador-s-a"],"jetpack_featured_media_url":"https:\/\/radiocresatelital.com\/wp-content\/uploads\/2024\/06\/6dc75d84-ffc8-4fdc-a3ea-def8ee32d0fe.jpeg","jetpack_sharing_enabled":true,"_links":{"self":[{"href":"https:\/\/radiocresatelital.com\/index.php?rest_route=\/wp\/v2\/posts\/14902","targetHints":{"allow":["GET"]}}],"collection":[{"href":"https:\/\/radiocresatelital.com\/index.php?rest_route=\/wp\/v2\/posts"}],"about":[{"href":"https:\/\/radiocresatelital.com\/index.php?rest_route=\/wp\/v2\/types\/post"}],"author":[{"embeddable":true,"href":"https:\/\/radiocresatelital.com\/index.php?rest_route=\/wp\/v2\/users\/2"}],"replies":[{"embeddable":true,"href":"https:\/\/radiocresatelital.com\/index.php?rest_route=%2Fwp%2Fv2%2Fcomments&post=14902"}],"version-history":[{"count":1,"href":"https:\/\/radiocresatelital.com\/index.php?rest_route=\/wp\/v2\/posts\/14902\/revisions"}],"predecessor-version":[{"id":14904,"href":"https:\/\/radiocresatelital.com\/index.php?rest_route=\/wp\/v2\/posts\/14902\/revisions\/14904"}],"wp:featuredmedia":[{"embeddable":true,"href":"https:\/\/radiocresatelital.com\/index.php?rest_route=\/wp\/v2\/media\/14903"}],"wp:attachment":[{"href":"https:\/\/radiocresatelital.com\/index.php?rest_route=%2Fwp%2Fv2%2Fmedia&parent=14902"}],"wp:term":[{"taxonomy":"category","embeddable":true,"href":"https:\/\/radiocresatelital.com\/index.php?rest_route=%2Fwp%2Fv2%2Fcategories&post=14902"},{"taxonomy":"post_tag","embeddable":true,"href":"https:\/\/radiocresatelital.com\/index.php?rest_route=%2Fwp%2Fv2%2Ftags&post=14902"}],"curies":[{"name":"wp","href":"https:\/\/api.w.org\/{rel}","templated":true}]}}