{"id":14858,"date":"2024-06-06T19:03:05","date_gmt":"2024-06-06T19:03:05","guid":{"rendered":"https:\/\/radiocresatelital.com\/?p=14858"},"modified":"2024-06-06T19:03:05","modified_gmt":"2024-06-06T19:03:05","slug":"gobierno-promueve-el-dialogo-para-el-desarrollo-del-pais","status":"publish","type":"post","link":"https:\/\/radiocresatelital.com\/?p=14858","title":{"rendered":"Gobierno promueve el di\u00e1logo para el desarrollo del pa\u00eds"},"content":{"rendered":"<p>Quito.-\u00a0El viceministro de Gobierno, Esteban Torres, se refiri\u00f3 a una nueva mayor\u00eda en el Legislativo, con la cual fuerzas pol\u00edticas pretenden trabajar al margen de las propuestas del Gobierno en la labor de la Comisi\u00f3n Multipartidista de la Consulta Popular y sobre la aprobaci\u00f3n de una enmienda constitucional para limitar la capacitad de vetar del Ejecutivo.<\/p>\n<p>\u201cBuscan imponerse al Gobierno para que se cambie la configuraci\u00f3n del Directorio del Instituto Ecuatoriano de Seguridad Social y el Gobierno pierda el control de esta Instituci\u00f3n\u201d, se\u00f1al\u00f3 la autoridad.<\/p>\n<p>El viceministro Torres a\u00f1adi\u00f3 que grupos pol\u00edticos pretenden modificar el funcionamiento de las Comisiones en el Legislativo y afectar el trabajo del Ejecutivo.\u00a0 \u201cEste es un Gobierno eficiente con un Presidente que ha hecho todo lo que ha estado a su alcance para resolver cada una de las crisis y obst\u00e1culos\u201d, recalc\u00f3.<\/p>\n<p>La autoridad hizo un recuento de las victorias del Gobierno del Nuevo Ecuador durante los primeros seis meses de gesti\u00f3n desde que asumi\u00f3 su mandato. En ese sentido, en el \u00e1mbito econ\u00f3mico se realizaron pagos a las Juntas Parroquiales, Prefecturas y Gobiernos Aut\u00f3nomos Descentralizados, mientras en el \u00e1rea econ\u00f3mica se ha registrado una reducci\u00f3n del riesgo pa\u00eds y confianza internacional.<\/p>\n<p>\u201cHacemos un llamado a la cordura y al di\u00e1logo. A la ciudadan\u00eda pedimos permanecer atenta para que lo que se decida en la Asamblea no bloquee el desarrollo del pa\u00eds y el trabajo del Gobierno, que ha demostrado firmeza contra los enemigos de la patria\u201d, enfatiz\u00f3 el viceministro Torres.<\/p>\n<p>Para finalizar, en cuanto a la visita del presidente Noboa al Primer Mandatario de El Salvador, Nayib Bukele, la autoridad se\u00f1al\u00f3: \u201cEl Ecuador y El Salvador comparten una serie de realidades y luchas conjuntas. Esta visita ayuda para que esta cooperaci\u00f3n sea integral y profunda\u201d.<\/p>\n","protected":false},"excerpt":{"rendered":"<p>Quito.-\u00a0El viceministro de Gobierno, Esteban Torres, se refiri\u00f3 a una nueva mayor\u00eda en el Legislativo, con la cual fuerzas pol\u00edticas pretenden trabajar al margen de las propuestas del Gobierno en la labor de la Comisi\u00f3n Multipartidista de la Consulta Popular y sobre la aprobaci\u00f3n de una enmienda constitucional para limitar la capacitad de vetar del [&hellip;]<\/p>\n","protected":false},"author":2,"featured_media":14859,"comment_status":"open","ping_status":"closed","sticky":false,"template":"","format":"standard","meta":{"_jetpack_memberships_contains_paid_content":false,"footnotes":""},"categories":[13],"tags":[1715],"class_list":["post-14858","post","type-post","status-publish","format-standard","has-post-thumbnail","hentry","category-noticias-nacionales","tag-viceministro-de-gobierno"],"jetpack_featured_media_url":"https:\/\/radiocresatelital.com\/wp-content\/uploads\/2024\/06\/photo1717602645.jpeg","jetpack_sharing_enabled":true,"_links":{"self":[{"href":"https:\/\/radiocresatelital.com\/index.php?rest_route=\/wp\/v2\/posts\/14858","targetHints":{"allow":["GET"]}}],"collection":[{"href":"https:\/\/radiocresatelital.com\/index.php?rest_route=\/wp\/v2\/posts"}],"about":[{"href":"https:\/\/radiocresatelital.com\/index.php?rest_route=\/wp\/v2\/types\/post"}],"author":[{"embeddable":true,"href":"https:\/\/radiocresatelital.com\/index.php?rest_route=\/wp\/v2\/users\/2"}],"replies":[{"embeddable":true,"href":"https:\/\/radiocresatelital.com\/index.php?rest_route=%2Fwp%2Fv2%2Fcomments&post=14858"}],"version-history":[{"count":1,"href":"https:\/\/radiocresatelital.com\/index.php?rest_route=\/wp\/v2\/posts\/14858\/revisions"}],"predecessor-version":[{"id":14860,"href":"https:\/\/radiocresatelital.com\/index.php?rest_route=\/wp\/v2\/posts\/14858\/revisions\/14860"}],"wp:featuredmedia":[{"embeddable":true,"href":"https:\/\/radiocresatelital.com\/index.php?rest_route=\/wp\/v2\/media\/14859"}],"wp:attachment":[{"href":"https:\/\/radiocresatelital.com\/index.php?rest_route=%2Fwp%2Fv2%2Fmedia&parent=14858"}],"wp:term":[{"taxonomy":"category","embeddable":true,"href":"https:\/\/radiocresatelital.com\/index.php?rest_route=%2Fwp%2Fv2%2Fcategories&post=14858"},{"taxonomy":"post_tag","embeddable":true,"href":"https:\/\/radiocresatelital.com\/index.php?rest_route=%2Fwp%2Fv2%2Ftags&post=14858"}],"curies":[{"name":"wp","href":"https:\/\/api.w.org\/{rel}","templated":true}]}}